{"id":10469,"date":"2022-06-21T14:35:57","date_gmt":"2022-06-21T12:35:57","guid":{"rendered":"https:\/\/www.dimacsrl.com\/home\/?p=10469"},"modified":"2024-05-15T17:34:28","modified_gmt":"2024-05-15T15:34:28","slug":"20-years-of-dimac-mcv1-at-the-wire-fair-in-dusseldorf","status":"publish","type":"post","link":"https:\/\/www.dimacsrl.com\/es\/archives\/20-years-of-dimac-mcv1-at-the-wire-fair-in-dusseldorf\/","title":{"rendered":"20 a\u00f1os de Dimac mcv1 en la feria WIRE de D\u00fcsseldorf"},"content":{"rendered":"<div data-elementor-type=\"wp-post\" data-elementor-id=\"10469\" class=\"elementor elementor-10469\" data-elementor-post-type=\"post\">\n\t\t\t\t\t\t<section class=\"elementor-section elementor-top-section elementor-element elementor-element-726c9e6 elementor-section-boxed elementor-section-height-default elementor-section-height-default\" data-id=\"726c9e6\" data-element_type=\"section\" data-e-type=\"section\">\n\t\t\t\t\t\t<div class=\"elementor-container elementor-column-gap-default\">\n\t\t\t\t\t<div class=\"elementor-column elementor-col-100 elementor-top-column elementor-element elementor-element-d2c1c10\" data-id=\"d2c1c10\" data-element_type=\"column\" data-e-type=\"column\">\n\t\t\t<div class=\"elementor-widget-wrap elementor-element-populated\">\n\t\t\t\t\t\t<div class=\"elementor-element elementor-element-cb810ad elementor-widget elementor-widget-image\" data-id=\"cb810ad\" data-element_type=\"widget\" data-e-type=\"widget\" data-widget_type=\"image.default\">\n\t\t\t\t<div class=\"elementor-widget-container\">\n\t\t\t\t\t\t\t\t\t\t\t\t\t\t\t<img decoding=\"async\" data-src=\"https:\/\/www.dimacsrl.com\/wp-content\/uploads\/20years-mcv1.jpg\" title=\"\" alt=\"\" src=\"data:image\/svg+xml;base64,PHN2ZyB3aWR0aD0iMSIgaGVpZ2h0PSIxIiB4bWxucz0iaHR0cDovL3d3dy53My5vcmcvMjAwMC9zdmciPjwvc3ZnPg==\" class=\"lazyload\" \/>\t\t\t\t\t\t\t\t\t\t\t\t\t\t\t<\/div>\n\t\t\t\t<\/div>\n\t\t\t\t<div class=\"elementor-element elementor-element-60f5b8f elementor-widget elementor-widget-text-editor\" data-id=\"60f5b8f\" data-element_type=\"widget\" data-e-type=\"widget\" data-widget_type=\"text-editor.default\">\n\t\t\t\t<div class=\"elementor-widget-container\">\n\t\t\t\t\t\t\t\t\t<h3><span style=\"color: #839939;\">Entrevista con Massimo Agrati \u2013 CEO de Dimac srl\u00a0<\/span><\/h3>\t\t\t\t\t\t\t\t<\/div>\n\t\t\t\t<\/div>\n\t\t\t\t<div class=\"elementor-element elementor-element-3beb8b2 elementor-widget elementor-widget-text-editor\" data-id=\"3beb8b2\" data-element_type=\"widget\" data-e-type=\"widget\" data-widget_type=\"text-editor.default\">\n\t\t\t\t<div class=\"elementor-widget-container\">\n\t\t\t\t\t\t\t\t\t<p><strong><span style=\"font-size: 16px;\">El Dimac mcv1 cumple 20 a\u00f1os; el modelo insignia de la empresa se present\u00f3 por primera vez en el\u00a0<\/span><\/strong><strong style=\"font-size: 14px;\"><span style=\"font-size: 16px;\">2002\u00a0<\/span><\/strong><strong><span style=\"font-size: 16px;\"><a href=\"https:\/\/www.wire-tradefair.com\/\" target=\"_blank\" rel=\"noopener\">Feria Wire de D\u00fcsseldorf<\/a>.<\/span><\/strong><\/p><blockquote><p><span style=\"font-size: 16px;\">El prototipo mcv1 se caracterizaba por una mec\u00e1nica muy robusta y un sistema de visi\u00f3n de SONY que hoy en d\u00eda calificar\u00edamos casi de \u201cjur\u00e1sico\u201d, con una c\u00e1mara anal\u00f3gica y un monitor de tubo de rayos cat\u00f3dicos programable \u00fanicamente con un joystick. En aquella \u00e9poca, nuestra prioridad era la mec\u00e1nica y la robustez.\u00a0<\/span><\/p><p><span style=\"font-size: 16px;\">Mi padre, Carlo Agrati (en la foto), fundador de Ingramatic Spa, fue uno de los dise\u00f1adores mec\u00e1nicos italianos m\u00e1s destacados en el sector de las m\u00e1quinas para la fabricaci\u00f3n y el roscado de tornillos. En Dimac, nuestra empresa familiar, quiso poner su experiencia al servicio del dise\u00f1o de las m\u00e1quinas autom\u00e1ticas de control y clasificaci\u00f3n 100%, que garantizaran una alta fiabilidad y flexibilidad.<\/span><\/p><\/blockquote><p><b><span style=\"font-size: 16px;\">\u00bfC\u00f3mo decidiste dise\u00f1ar\u00a0<\/span><span style=\"font-size: 16px; color: var( --e-global-color-text ); font-family: var( --e-global-typography-text-font-family ), Sans-serif;\">una clasificadora autom\u00e1tica 100%\u00a0<\/span><span style=\"font-size: 16px; color: var( --e-global-color-text ); font-family: var( --e-global-typography-text-font-family ), Sans-serif;\">\u00bfM\u00e1quina para tornillos?<\/span><\/b><\/p><blockquote><p><span style=\"font-size: 16px;\">La propuesta para dise\u00f1ar estas m\u00e1quinas provino de unos clientes italianos para los que mi padre trabajaba como consultor.\u00a0<\/span><\/p><p><span style=\"font-size: 16px;\">A finales de los a\u00f1os 90, Dimac se dedicaba principalmente a la modernizaci\u00f3n de m\u00e1quinas para la producci\u00f3n de tornillos para clientes italianos, alemanes y franceses. Gracias al boca a boca, entramos en contacto con un subcontratista alem\u00e1n especializado en la clasificaci\u00f3n manual de tornillos y piezas especiales. Buscaban una m\u00e1quina clasificadora de alta velocidad y m\u00e1xima calidad para tornillos y quer\u00edan colaborar con nosotros en el desarrollo del prototipo. As\u00ed naci\u00f3 el prototipo de la m\u00e1quina mcv1. La primera m\u00e1quina sigue funcionando en las instalaciones del subcontratista alem\u00e1n en Neuenrade tras algunas modernizaciones.<\/span><\/p><\/blockquote><p><span style=\"font-size: 16px;\"><b>\u00bfQu\u00e9 comentarios recibiste de Wire 2002?<\/b><\/span><\/p><blockquote><p><span style=\"font-size: 16px;\">La feria Wire 2002 nos proporcion\u00f3 una gran visibilidad y despert\u00f3 mucho inter\u00e9s entre los clientes europeos. La reputaci\u00f3n de mi padre en el sector de la fabricaci\u00f3n de elementos de fijaci\u00f3n y su profundo conocimiento de las m\u00e1quinas de producci\u00f3n m\u00e1s complejas convencieron a los primeros clientes de que la mcv1 ser\u00eda sin duda una m\u00e1quina de alta velocidad, robusta y confiable.<\/span><\/p><\/blockquote>\t\t\t\t\t\t\t\t<\/div>\n\t\t\t\t<\/div>\n\t\t\t\t<div class=\"elementor-element elementor-element-3d48a8c elementor-widget elementor-widget-spacer\" data-id=\"3d48a8c\" data-element_type=\"widget\" data-e-type=\"widget\" data-widget_type=\"spacer.default\">\n\t\t\t\t<div class=\"elementor-widget-container\">\n\t\t\t\t\t\t\t<div class=\"elementor-spacer\">\n\t\t\t<div class=\"elementor-spacer-inner\"><\/div>\n\t\t<\/div>\n\t\t\t\t\t\t<\/div>\n\t\t\t\t<\/div>\n\t\t\t\t<div class=\"elementor-element elementor-element-a55ec34 elementor-widget elementor-widget-image\" data-id=\"a55ec34\" data-element_type=\"widget\" data-e-type=\"widget\" data-widget_type=\"image.default\">\n\t\t\t\t<div class=\"elementor-widget-container\">\n\t\t\t\t\t\t\t\t\t\t\t\t\t\t\t<img decoding=\"async\" data-src=\"https:\/\/www.dimacsrl.com\/wp-content\/uploads\/20years-mcv12.jpg\" title=\"\" alt=\"\" src=\"data:image\/svg+xml;base64,PHN2ZyB3aWR0aD0iMSIgaGVpZ2h0PSIxIiB4bWxucz0iaHR0cDovL3d3dy53My5vcmcvMjAwMC9zdmciPjwvc3ZnPg==\" class=\"lazyload\" \/>\t\t\t\t\t\t\t\t\t\t\t\t\t\t\t<\/div>\n\t\t\t\t<\/div>\n\t\t\t\t<div class=\"elementor-element elementor-element-ef6a40e elementor-widget elementor-widget-spacer\" data-id=\"ef6a40e\" data-element_type=\"widget\" data-e-type=\"widget\" data-widget_type=\"spacer.default\">\n\t\t\t\t<div class=\"elementor-widget-container\">\n\t\t\t\t\t\t\t<div class=\"elementor-spacer\">\n\t\t\t<div class=\"elementor-spacer-inner\"><\/div>\n\t\t<\/div>\n\t\t\t\t\t\t<\/div>\n\t\t\t\t<\/div>\n\t\t\t\t<div class=\"elementor-element elementor-element-7cdd6e9 elementor-widget elementor-widget-text-editor\" data-id=\"7cdd6e9\" data-element_type=\"widget\" data-e-type=\"widget\" data-widget_type=\"text-editor.default\">\n\t\t\t\t<div class=\"elementor-widget-container\">\n\t\t\t\t\t\t\t\t\t<p><b style=\"font-size: 16px; color: var( --e-global-color-text ); font-family: var( --e-global-typography-text-font-family ), Sans-serif;\">\u00bfC\u00f3mo se desarroll\u00f3 mcv1 tras la feria Wire 2002?<\/b><\/p><blockquote><p><span style=\"font-size: 16px;\">La evoluci\u00f3n de la m\u00e1quina a lo largo de los a\u00f1os ha afectado al sistema de manipulaci\u00f3n de piezas: una tolva de alimentaci\u00f3n desarrollada seg\u00fan nuestras especificaciones para elementos de fijaci\u00f3n dif\u00edciles de orientar, una tolva de alimentaci\u00f3n dise\u00f1ada para alcanzar altos rendimientos de hasta 800 piezas por minuto, un elevador con tolva y portador basculante, una cinta transportadora especial para transportar suavemente las piezas OK, una rampa de separaci\u00f3n para las piezas NOK dentro del bastidor de la m\u00e1quina, una rampa de salida programable para mantener separadas las piezas NOK seg\u00fan se desee, el desarrollo de m\u00e1quinas para el encajado autom\u00e1tico inmediato de las piezas OK debajo de la rampa de salida.<\/span><\/p><p><span style=\"font-size: 16px;\">Al mismo tiempo, se incorporaron nuevas estaciones para la detecci\u00f3n no destructiva de grietas mediante corrientes de Foucault y para el tratamiento t\u00e9rmico, nuevas estaciones \u00f3pticas para el control dimensional y de defectos superficiales en 360\u00b0, y estaciones de control mec\u00e1nico para la medici\u00f3n de caracter\u00edsticas internas.\u00a0<\/span><\/p><p><span style=\"font-size: 16px;\">La interfaz de usuario y las funciones para el control dimensional \u00f3ptico y la detecci\u00f3n de defectos superficiales se han ido ampliando constantemente con nuevos par\u00e1metros y filtros para identificar defectos cada vez m\u00e1s complejos y localizados. Se ha incorporado la posibilidad de archivar la galer\u00eda de im\u00e1genes de piezas defectuosas dentro del plan de control. Un modo de PRUEBA especial permite al sistema de visi\u00f3n verificar la configuraci\u00f3n de la m\u00e1quina utilizando todas las im\u00e1genes de defectos conocidos que se encuentran en la galer\u00eda. Los datos estad\u00edsticos est\u00e1n disponibles en diferentes formatos, como CSV, TXT y SQL, para ser exportados en tiempo real mediante la conexi\u00f3n remota. La m\u00e1quina se puede monitorear y programar fuera de l\u00ednea.\u00a0<\/span><\/p><p><span style=\"font-size: 16px;\">Hoy podemos confirmar que la mcv1 sigue siendo una m\u00e1quina de vanguardia para la selecci\u00f3n autom\u00e1tica de elementos de fijaci\u00f3n 100%, con un coeficiente muy alto de fiabilidad, versatilidad, precisi\u00f3n y repetibilidad.<\/span><\/p><\/blockquote>\t\t\t\t\t\t\t\t<\/div>\n\t\t\t\t<\/div>\n\t\t\t\t<section class=\"elementor-section elementor-inner-section elementor-element elementor-element-88a8745 elementor-section-boxed elementor-section-height-default elementor-section-height-default\" data-id=\"88a8745\" data-element_type=\"section\" data-e-type=\"section\">\n\t\t\t\t\t\t<div class=\"elementor-container elementor-column-gap-default\">\n\t\t\t\t\t<div class=\"elementor-column elementor-col-50 elementor-inner-column elementor-element elementor-element-b9fb14f\" data-id=\"b9fb14f\" data-element_type=\"column\" data-e-type=\"column\">\n\t\t\t<div class=\"elementor-widget-wrap elementor-element-populated\">\n\t\t\t\t\t\t<div class=\"elementor-element elementor-element-d1d4b7c elementor-align-justify elementor-widget elementor-widget-button\" data-id=\"d1d4b7c\" data-element_type=\"widget\" data-e-type=\"widget\" data-widget_type=\"button.default\">\n\t\t\t\t<div class=\"elementor-widget-container\">\n\t\t\t\t\t\t\t\t\t<div class=\"elementor-button-wrapper\">\n\t\t\t\t\t<a class=\"elementor-button elementor-button-link elementor-size-sm\" href=\"https:\/\/www.dimacsrl.com\/en\/mcv1-5\/\">\n\t\t\t\t\t\t<span class=\"elementor-button-content-wrapper\">\n\t\t\t\t\t\t\t\t\t<span class=\"elementor-button-text\">M\u00c1S INFORMACI\u00d3N SOBRE MCV1<\/span>\n\t\t\t\t\t<\/span>\n\t\t\t\t\t<\/a>\n\t\t\t\t<\/div>\n\t\t\t\t\t\t\t\t<\/div>\n\t\t\t\t<\/div>\n\t\t\t\t\t<\/div>\n\t\t<\/div>\n\t\t\t\t<div class=\"elementor-column elementor-col-50 elementor-inner-column elementor-element elementor-element-049182d\" data-id=\"049182d\" data-element_type=\"column\" data-e-type=\"column\">\n\t\t\t<div class=\"elementor-widget-wrap elementor-element-populated\">\n\t\t\t\t\t\t<div class=\"elementor-element elementor-element-4b081b3 elementor-widget elementor-widget-spacer\" data-id=\"4b081b3\" data-element_type=\"widget\" data-e-type=\"widget\" data-widget_type=\"spacer.default\">\n\t\t\t\t<div class=\"elementor-widget-container\">\n\t\t\t\t\t\t\t<div class=\"elementor-spacer\">\n\t\t\t<div class=\"elementor-spacer-inner\"><\/div>\n\t\t<\/div>\n\t\t\t\t\t\t<\/div>\n\t\t\t\t<\/div>\n\t\t\t\t\t<\/div>\n\t\t<\/div>\n\t\t\t\t\t<\/div>\n\t\t<\/section>\n\t\t\t\t<div class=\"elementor-element elementor-element-39bbe2e elementor-widget elementor-widget-spacer\" data-id=\"39bbe2e\" data-element_type=\"widget\" data-e-type=\"widget\" data-widget_type=\"spacer.default\">\n\t\t\t\t<div class=\"elementor-widget-container\">\n\t\t\t\t\t\t\t<div class=\"elementor-spacer\">\n\t\t\t<div class=\"elementor-spacer-inner\"><\/div>\n\t\t<\/div>\n\t\t\t\t\t\t<\/div>\n\t\t\t\t<\/div>\n\t\t\t\t\t<\/div>\n\t\t<\/div>\n\t\t\t\t\t<\/div>\n\t\t<\/section>\n\t\t\t\t<section class=\"elementor-section elementor-top-section elementor-element elementor-element-7e41085 elementor-section-boxed elementor-section-height-default elementor-section-height-default\" data-id=\"7e41085\" data-element_type=\"section\" data-e-type=\"section\" data-settings=\"{&quot;background_background&quot;:&quot;classic&quot;}\">\n\t\t\t\t\t\t<div class=\"elementor-container elementor-column-gap-default\">\n\t\t\t\t\t<div class=\"elementor-column elementor-col-100 elementor-top-column elementor-element elementor-element-d36c1da\" data-id=\"d36c1da\" data-element_type=\"column\" data-e-type=\"column\">\n\t\t\t<div class=\"elementor-widget-wrap elementor-element-populated\">\n\t\t\t\t\t\t<section class=\"elementor-section elementor-inner-section elementor-element elementor-element-4b7e20e elementor-section-boxed elementor-section-height-default elementor-section-height-default\" data-id=\"4b7e20e\" data-element_type=\"section\" data-e-type=\"section\">\n\t\t\t\t\t\t<div class=\"elementor-container elementor-column-gap-default\">\n\t\t\t\t\t<div class=\"elementor-column elementor-col-50 elementor-inner-column elementor-element elementor-element-a6cb43b\" data-id=\"a6cb43b\" data-element_type=\"column\" data-e-type=\"column\">\n\t\t\t<div class=\"elementor-widget-wrap elementor-element-populated\">\n\t\t\t\t\t\t<div class=\"elementor-element elementor-element-bc40873 elementor-widget elementor-widget-image\" data-id=\"bc40873\" data-element_type=\"widget\" data-e-type=\"widget\" data-widget_type=\"image.default\">\n\t\t\t\t<div class=\"elementor-widget-container\">\n\t\t\t\t\t\t\t\t\t\t\t\t\t\t\t<img decoding=\"async\" data-src=\"https:\/\/www.dimacsrl.com\/wp-content\/uploads\/logo-wire.jpg\" title=\"\" alt=\"\" src=\"data:image\/svg+xml;base64,PHN2ZyB3aWR0aD0iMSIgaGVpZ2h0PSIxIiB4bWxucz0iaHR0cDovL3d3dy53My5vcmcvMjAwMC9zdmciPjwvc3ZnPg==\" class=\"lazyload\" \/>\t\t\t\t\t\t\t\t\t\t\t\t\t\t\t<\/div>\n\t\t\t\t<\/div>\n\t\t\t\t\t<\/div>\n\t\t<\/div>\n\t\t\t\t<div class=\"elementor-column elementor-col-50 elementor-inner-column elementor-element elementor-element-b495dab\" data-id=\"b495dab\" data-element_type=\"column\" data-e-type=\"column\">\n\t\t\t<div class=\"elementor-widget-wrap elementor-element-populated\">\n\t\t\t\t\t\t<div class=\"elementor-element elementor-element-c5c7fed elementor-widget elementor-widget-text-editor\" data-id=\"c5c7fed\" data-element_type=\"widget\" data-e-type=\"widget\" data-widget_type=\"text-editor.default\">\n\t\t\t\t<div class=\"elementor-widget-container\">\n\t\t\t\t\t\t\t\t\t<h4><b>Nos encontrar\u00e1s en WIRE 2022 \u2013 stand 13D63<\/b><\/h4><p><b>20-24 de junio<br \/><\/b><span style=\"font-size: 14px; color: var( --e-global-color-text );\"><b>Feria de D\u00fcsseldorf<br \/><\/b><\/span><span style=\"font-size: 14px; color: var( --e-global-color-text );\">Stockumer Kirchstra\u00dfe 61<\/span><strong style=\"font-size: 14px; color: var( --e-global-color-text );\"><a href=\"https:\/\/www.wire-tradefair.com\/\" target=\"_blank\" rel=\"noopener\">www.wire-tradefair.com<\/a><\/strong><\/p>\t\t\t\t\t\t\t\t<\/div>\n\t\t\t\t<\/div>\n\t\t\t\t\t<\/div>\n\t\t<\/div>\n\t\t\t\t\t<\/div>\n\t\t<\/section>\n\t\t\t\t<div class=\"elementor-element elementor-element-fe674dd elementor-widget elementor-widget-image\" data-id=\"fe674dd\" data-element_type=\"widget\" data-e-type=\"widget\" data-widget_type=\"image.default\">\n\t\t\t\t<div class=\"elementor-widget-container\">\n\t\t\t\t\t\t\t\t\t\t\t\t\t\t\t<img decoding=\"async\" data-src=\"https:\/\/www.dimacsrl.com\/wp-content\/uploads\/mappa-01-1.png\" title=\"\" alt=\"\" src=\"data:image\/svg+xml;base64,PHN2ZyB3aWR0aD0iMSIgaGVpZ2h0PSIxIiB4bWxucz0iaHR0cDovL3d3dy53My5vcmcvMjAwMC9zdmciPjwvc3ZnPg==\" class=\"lazyload\" \/>\t\t\t\t\t\t\t\t\t\t\t\t\t\t\t<\/div>\n\t\t\t\t<\/div>\n\t\t\t\t\t<\/div>\n\t\t<\/div>\n\t\t\t\t\t<\/div>\n\t\t<\/section>\n\t\t\t\t<\/div>","protected":false},"excerpt":{"rendered":"<p>Interview with Massimo Agrati &#8211; CEO of Dimac srl\u00a0 Dimac mcv1 turns 20, the company\u2019s flagship model was presented for the first time at the\u00a02002\u00a0D\u00fcsseldorf Wire fair. The mcv1 prototype was characterized by very robust mechanics, and a SONY vision system that today we would define almost \u201cJurassic\u201d with an analog camera and cathode ray [&hellip;]<\/p>\n","protected":false},"author":1,"featured_media":13451,"comment_status":"closed","ping_status":"open","sticky":false,"template":"elementor_theme","format":"standard","meta":{"_monsterinsights_skip_tracking":false,"footnotes":"","_members_access_role":[],"_members_access_error":""},"categories":[13],"tags":[56,54],"class_list":["post-10469","post","type-post","status-publish","format-standard","has-post-thumbnail","hentry","category-news","tag-corporate","tag-fairs"],"yoast_head":"<!-- This site is optimized with the Yoast SEO plugin v28.4 - https:\/\/yoast.com\/product\/yoast-seo-wordpress\/ -->\n<title>20 years of Dimac mcv1 at the WIRE fair in D\u00fcsseldorf - Dimac - Automatic Quality Control Systems<\/title>\n<meta name=\"robots\" content=\"index, follow, max-snippet:-1, max-image-preview:large, max-video-preview:-1\" \/>\n<link rel=\"canonical\" href=\"https:\/\/www.dimacsrl.com\/es\/archives\/20-years-of-dimac-mcv1-at-the-wire-fair-in-dusseldorf\/\" \/>\n<meta property=\"og:locale\" content=\"es_MX\" \/>\n<meta property=\"og:type\" content=\"article\" \/>\n<meta property=\"og:title\" content=\"20 years of Dimac mcv1 at the WIRE fair in D\u00fcsseldorf - Dimac - Automatic Quality Control Systems\" \/>\n<meta property=\"og:description\" content=\"Interview with Massimo Agrati &#8211; CEO of Dimac srl\u00a0 Dimac mcv1 turns 20, the company\u2019s flagship model was presented for the first time at the\u00a02002\u00a0D\u00fcsseldorf Wire fair. The mcv1 prototype was characterized by very robust mechanics, and a SONY vision system that today we would define almost \u201cJurassic\u201d with an analog camera and cathode ray [&hellip;]\" \/>\n<meta property=\"og:url\" content=\"https:\/\/www.dimacsrl.com\/es\/archives\/20-years-of-dimac-mcv1-at-the-wire-fair-in-dusseldorf\/\" \/>\n<meta property=\"og:site_name\" content=\"Dimac - Automatic Quality Control Systems\" \/>\n<meta property=\"article:published_time\" content=\"2022-06-21T12:35:57+00:00\" \/>\n<meta property=\"article:modified_time\" content=\"2024-05-15T15:34:28+00:00\" \/>\n<meta property=\"og:image\" content=\"https:\/\/www.dimacsrl.com\/wp-content\/uploads\/2024\/04\/20years-mcv1.jpg\" \/>\n\t<meta property=\"og:image:width\" content=\"800\" \/>\n\t<meta property=\"og:image:height\" content=\"520\" \/>\n\t<meta property=\"og:image:type\" content=\"image\/jpeg\" \/>\n<meta name=\"author\" content=\"foehn_dimac\" \/>\n<meta name=\"twitter:card\" content=\"summary_large_image\" \/>\n<meta name=\"twitter:label1\" content=\"Escrito por\" \/>\n\t<meta name=\"twitter:data1\" content=\"foehn_dimac\" \/>\n\t<meta name=\"twitter:label2\" content=\"Tiempo de lectura\" \/>\n\t<meta name=\"twitter:data2\" content=\"3 minutos\" \/>\n<script type=\"application\/ld+json\" class=\"yoast-schema-graph\">{\"@context\":\"https:\\\/\\\/schema.org\",\"@graph\":[{\"@type\":\"Article\",\"@id\":\"https:\\\/\\\/www.dimacsrl.com\\\/archives\\\/20-years-of-dimac-mcv1-at-the-wire-fair-in-dusseldorf\\\/#article\",\"isPartOf\":{\"@id\":\"https:\\\/\\\/www.dimacsrl.com\\\/archives\\\/20-years-of-dimac-mcv1-at-the-wire-fair-in-dusseldorf\\\/\"},\"author\":{\"name\":\"foehn_dimac\",\"@id\":\"https:\\\/\\\/www.dimacsrl.com\\\/#\\\/schema\\\/person\\\/95427a8e3f1a264e1ca9d4f22b371fc7\"},\"headline\":\"20 years of Dimac mcv1 at the WIRE fair in D\u00fcsseldorf\",\"datePublished\":\"2022-06-21T12:35:57+00:00\",\"dateModified\":\"2024-05-15T15:34:28+00:00\",\"mainEntityOfPage\":{\"@id\":\"https:\\\/\\\/www.dimacsrl.com\\\/archives\\\/20-years-of-dimac-mcv1-at-the-wire-fair-in-dusseldorf\\\/\"},\"wordCount\":625,\"publisher\":{\"@id\":\"https:\\\/\\\/www.dimacsrl.com\\\/#organization\"},\"image\":{\"@id\":\"https:\\\/\\\/www.dimacsrl.com\\\/archives\\\/20-years-of-dimac-mcv1-at-the-wire-fair-in-dusseldorf\\\/#primaryimage\"},\"thumbnailUrl\":\"https:\\\/\\\/www.dimacsrl.com\\\/wp-content\\\/uploads\\\/2024\\\/04\\\/20years-mcv1.jpg\",\"keywords\":[\"corporate\",\"fairs\"],\"articleSection\":[\"News\"],\"inLanguage\":\"es\"},{\"@type\":\"WebPage\",\"@id\":\"https:\\\/\\\/www.dimacsrl.com\\\/archives\\\/20-years-of-dimac-mcv1-at-the-wire-fair-in-dusseldorf\\\/\",\"url\":\"https:\\\/\\\/www.dimacsrl.com\\\/archives\\\/20-years-of-dimac-mcv1-at-the-wire-fair-in-dusseldorf\\\/\",\"name\":\"20 years of Dimac mcv1 at the WIRE fair in D\u00fcsseldorf - Dimac - Automatic Quality Control Systems\",\"isPartOf\":{\"@id\":\"https:\\\/\\\/www.dimacsrl.com\\\/#website\"},\"primaryImageOfPage\":{\"@id\":\"https:\\\/\\\/www.dimacsrl.com\\\/archives\\\/20-years-of-dimac-mcv1-at-the-wire-fair-in-dusseldorf\\\/#primaryimage\"},\"image\":{\"@id\":\"https:\\\/\\\/www.dimacsrl.com\\\/archives\\\/20-years-of-dimac-mcv1-at-the-wire-fair-in-dusseldorf\\\/#primaryimage\"},\"thumbnailUrl\":\"https:\\\/\\\/www.dimacsrl.com\\\/wp-content\\\/uploads\\\/2024\\\/04\\\/20years-mcv1.jpg\",\"datePublished\":\"2022-06-21T12:35:57+00:00\",\"dateModified\":\"2024-05-15T15:34:28+00:00\",\"breadcrumb\":{\"@id\":\"https:\\\/\\\/www.dimacsrl.com\\\/archives\\\/20-years-of-dimac-mcv1-at-the-wire-fair-in-dusseldorf\\\/#breadcrumb\"},\"inLanguage\":\"es\",\"potentialAction\":[{\"@type\":\"ReadAction\",\"target\":[\"https:\\\/\\\/www.dimacsrl.com\\\/archives\\\/20-years-of-dimac-mcv1-at-the-wire-fair-in-dusseldorf\\\/\"]}]},{\"@type\":\"ImageObject\",\"inLanguage\":\"es\",\"@id\":\"https:\\\/\\\/www.dimacsrl.com\\\/archives\\\/20-years-of-dimac-mcv1-at-the-wire-fair-in-dusseldorf\\\/#primaryimage\",\"url\":\"https:\\\/\\\/www.dimacsrl.com\\\/wp-content\\\/uploads\\\/2024\\\/04\\\/20years-mcv1.jpg\",\"contentUrl\":\"https:\\\/\\\/www.dimacsrl.com\\\/wp-content\\\/uploads\\\/2024\\\/04\\\/20years-mcv1.jpg\",\"width\":800,\"height\":520},{\"@type\":\"BreadcrumbList\",\"@id\":\"https:\\\/\\\/www.dimacsrl.com\\\/archives\\\/20-years-of-dimac-mcv1-at-the-wire-fair-in-dusseldorf\\\/#breadcrumb\",\"itemListElement\":[{\"@type\":\"ListItem\",\"position\":1,\"name\":\"Home\",\"item\":\"https:\\\/\\\/www.dimacsrl.com\\\/\"},{\"@type\":\"ListItem\",\"position\":2,\"name\":\"20 years of Dimac mcv1 at the WIRE fair in D\u00fcsseldorf\"}]},{\"@type\":\"WebSite\",\"@id\":\"https:\\\/\\\/www.dimacsrl.com\\\/#website\",\"url\":\"https:\\\/\\\/www.dimacsrl.com\\\/\",\"name\":\"Dimac - Automatic Quality Control Systems\",\"description\":\"Automatic quality control systems - 100% sorting &amp; spc of metal parts\",\"publisher\":{\"@id\":\"https:\\\/\\\/www.dimacsrl.com\\\/#organization\"},\"potentialAction\":[{\"@type\":\"SearchAction\",\"target\":{\"@type\":\"EntryPoint\",\"urlTemplate\":\"https:\\\/\\\/www.dimacsrl.com\\\/?s={search_term_string}\"},\"query-input\":{\"@type\":\"PropertyValueSpecification\",\"valueRequired\":true,\"valueName\":\"search_term_string\"}}],\"inLanguage\":\"es\"},{\"@type\":\"Organization\",\"@id\":\"https:\\\/\\\/www.dimacsrl.com\\\/#organization\",\"name\":\"Dimac - Automatic Quality Control Systems\",\"url\":\"https:\\\/\\\/www.dimacsrl.com\\\/\",\"logo\":{\"@type\":\"ImageObject\",\"inLanguage\":\"es\",\"@id\":\"https:\\\/\\\/www.dimacsrl.com\\\/#\\\/schema\\\/logo\\\/image\\\/\",\"url\":\"https:\\\/\\\/www.dimacsrl.com\\\/wp-content\\\/uploads\\\/2024\\\/04\\\/logo-Dimac-100-small.png\",\"contentUrl\":\"https:\\\/\\\/www.dimacsrl.com\\\/wp-content\\\/uploads\\\/2024\\\/04\\\/logo-Dimac-100-small.png\",\"width\":166,\"height\":67,\"caption\":\"Dimac - Automatic Quality Control Systems\"},\"image\":{\"@id\":\"https:\\\/\\\/www.dimacsrl.com\\\/#\\\/schema\\\/logo\\\/image\\\/\"}},{\"@type\":\"Person\",\"@id\":\"https:\\\/\\\/www.dimacsrl.com\\\/#\\\/schema\\\/person\\\/95427a8e3f1a264e1ca9d4f22b371fc7\",\"name\":\"foehn_dimac\",\"image\":{\"@type\":\"ImageObject\",\"inLanguage\":\"es\",\"@id\":\"https:\\\/\\\/secure.gravatar.com\\\/avatar\\\/baad562c851353bfe103948e55b8167fb7ba4bb3b6a875deeeec0e9776ba075a?s=96&d=mm&r=g\",\"url\":\"https:\\\/\\\/secure.gravatar.com\\\/avatar\\\/baad562c851353bfe103948e55b8167fb7ba4bb3b6a875deeeec0e9776ba075a?s=96&d=mm&r=g\",\"contentUrl\":\"https:\\\/\\\/secure.gravatar.com\\\/avatar\\\/baad562c851353bfe103948e55b8167fb7ba4bb3b6a875deeeec0e9776ba075a?s=96&d=mm&r=g\",\"caption\":\"foehn_dimac\"},\"sameAs\":[\"https:\\\/\\\/www.dimacsrl.com\"],\"url\":\"https:\\\/\\\/www.dimacsrl.com\\\/es\\\/archives\\\/author\\\/foehn_dimac\\\/\"}]}<\/script>\n<!-- \/ Yoast SEO plugin. -->","yoast_head_json":{"title":"20 a\u00f1os del Dimac mcv1 en la feria WIRE de D\u00fcsseldorf - Dimac - Sistemas autom\u00e1ticos de control de calidad","robots":{"index":"index","follow":"follow","max-snippet":"max-snippet:-1","max-image-preview":"max-image-preview:large","max-video-preview":"max-video-preview:-1"},"canonical":"https:\/\/www.dimacsrl.com\/es\/archives\/20-years-of-dimac-mcv1-at-the-wire-fair-in-dusseldorf\/","og_locale":"es_MX","og_type":"article","og_title":"20 years of Dimac mcv1 at the WIRE fair in D\u00fcsseldorf - Dimac - Automatic Quality Control Systems","og_description":"Interview with Massimo Agrati &#8211; CEO of Dimac srl\u00a0 Dimac mcv1 turns 20, the company\u2019s flagship model was presented for the first time at the\u00a02002\u00a0D\u00fcsseldorf Wire fair. The mcv1 prototype was characterized by very robust mechanics, and a SONY vision system that today we would define almost \u201cJurassic\u201d with an analog camera and cathode ray [&hellip;]","og_url":"https:\/\/www.dimacsrl.com\/es\/archives\/20-years-of-dimac-mcv1-at-the-wire-fair-in-dusseldorf\/","og_site_name":"Dimac - Automatic Quality Control Systems","article_published_time":"2022-06-21T12:35:57+00:00","article_modified_time":"2024-05-15T15:34:28+00:00","og_image":[{"width":800,"height":520,"url":"https:\/\/www.dimacsrl.com\/wp-content\/uploads\/2024\/04\/20years-mcv1.jpg","type":"image\/jpeg"}],"author":"foehn_dimac","twitter_card":"summary_large_image","twitter_misc":{"Escrito por":"foehn_dimac","Tiempo de lectura":"3 minutos"},"schema":{"@context":"https:\/\/schema.org","@graph":[{"@type":"Article","@id":"https:\/\/www.dimacsrl.com\/archives\/20-years-of-dimac-mcv1-at-the-wire-fair-in-dusseldorf\/#article","isPartOf":{"@id":"https:\/\/www.dimacsrl.com\/archives\/20-years-of-dimac-mcv1-at-the-wire-fair-in-dusseldorf\/"},"author":{"name":"foehn_dimac","@id":"https:\/\/www.dimacsrl.com\/#\/schema\/person\/95427a8e3f1a264e1ca9d4f22b371fc7"},"headline":"20 years of Dimac mcv1 at the WIRE fair in D\u00fcsseldorf","datePublished":"2022-06-21T12:35:57+00:00","dateModified":"2024-05-15T15:34:28+00:00","mainEntityOfPage":{"@id":"https:\/\/www.dimacsrl.com\/archives\/20-years-of-dimac-mcv1-at-the-wire-fair-in-dusseldorf\/"},"wordCount":625,"publisher":{"@id":"https:\/\/www.dimacsrl.com\/#organization"},"image":{"@id":"https:\/\/www.dimacsrl.com\/archives\/20-years-of-dimac-mcv1-at-the-wire-fair-in-dusseldorf\/#primaryimage"},"thumbnailUrl":"https:\/\/www.dimacsrl.com\/wp-content\/uploads\/2024\/04\/20years-mcv1.jpg","keywords":["corporate","fairs"],"articleSection":["News"],"inLanguage":"es"},{"@type":"WebPage","@id":"https:\/\/www.dimacsrl.com\/archives\/20-years-of-dimac-mcv1-at-the-wire-fair-in-dusseldorf\/","url":"https:\/\/www.dimacsrl.com\/archives\/20-years-of-dimac-mcv1-at-the-wire-fair-in-dusseldorf\/","name":"20 a\u00f1os del Dimac mcv1 en la feria WIRE de D\u00fcsseldorf - Dimac - Sistemas autom\u00e1ticos de control de calidad","isPartOf":{"@id":"https:\/\/www.dimacsrl.com\/#website"},"primaryImageOfPage":{"@id":"https:\/\/www.dimacsrl.com\/archives\/20-years-of-dimac-mcv1-at-the-wire-fair-in-dusseldorf\/#primaryimage"},"image":{"@id":"https:\/\/www.dimacsrl.com\/archives\/20-years-of-dimac-mcv1-at-the-wire-fair-in-dusseldorf\/#primaryimage"},"thumbnailUrl":"https:\/\/www.dimacsrl.com\/wp-content\/uploads\/2024\/04\/20years-mcv1.jpg","datePublished":"2022-06-21T12:35:57+00:00","dateModified":"2024-05-15T15:34:28+00:00","breadcrumb":{"@id":"https:\/\/www.dimacsrl.com\/archives\/20-years-of-dimac-mcv1-at-the-wire-fair-in-dusseldorf\/#breadcrumb"},"inLanguage":"es","potentialAction":[{"@type":"ReadAction","target":["https:\/\/www.dimacsrl.com\/archives\/20-years-of-dimac-mcv1-at-the-wire-fair-in-dusseldorf\/"]}]},{"@type":"ImageObject","inLanguage":"es","@id":"https:\/\/www.dimacsrl.com\/archives\/20-years-of-dimac-mcv1-at-the-wire-fair-in-dusseldorf\/#primaryimage","url":"https:\/\/www.dimacsrl.com\/wp-content\/uploads\/2024\/04\/20years-mcv1.jpg","contentUrl":"https:\/\/www.dimacsrl.com\/wp-content\/uploads\/2024\/04\/20years-mcv1.jpg","width":800,"height":520},{"@type":"BreadcrumbList","@id":"https:\/\/www.dimacsrl.com\/archives\/20-years-of-dimac-mcv1-at-the-wire-fair-in-dusseldorf\/#breadcrumb","itemListElement":[{"@type":"ListItem","position":1,"name":"Home","item":"https:\/\/www.dimacsrl.com\/"},{"@type":"ListItem","position":2,"name":"20 years of Dimac mcv1 at the WIRE fair in D\u00fcsseldorf"}]},{"@type":"WebSite","@id":"https:\/\/www.dimacsrl.com\/#website","url":"https:\/\/www.dimacsrl.com\/","name":"Dimac - Sistemas autom\u00e1ticos de control de calidad","description":"Sistemas autom\u00e1ticos de control de calidad: clasificaci\u00f3n 100% y SPC de piezas met\u00e1licas.","publisher":{"@id":"https:\/\/www.dimacsrl.com\/#organization"},"potentialAction":[{"@type":"SearchAction","target":{"@type":"EntryPoint","urlTemplate":"https:\/\/www.dimacsrl.com\/?s={search_term_string}"},"query-input":{"@type":"PropertyValueSpecification","valueRequired":true,"valueName":"search_term_string"}}],"inLanguage":"es"},{"@type":"Organization","@id":"https:\/\/www.dimacsrl.com\/#organization","name":"Dimac - Sistemas autom\u00e1ticos de control de calidad","url":"https:\/\/www.dimacsrl.com\/","logo":{"@type":"ImageObject","inLanguage":"es","@id":"https:\/\/www.dimacsrl.com\/#\/schema\/logo\/image\/","url":"https:\/\/www.dimacsrl.com\/wp-content\/uploads\/2024\/04\/logo-Dimac-100-small.png","contentUrl":"https:\/\/www.dimacsrl.com\/wp-content\/uploads\/2024\/04\/logo-Dimac-100-small.png","width":166,"height":67,"caption":"Dimac - Automatic Quality Control Systems"},"image":{"@id":"https:\/\/www.dimacsrl.com\/#\/schema\/logo\/image\/"}},{"@type":"Person","@id":"https:\/\/www.dimacsrl.com\/#\/schema\/person\/95427a8e3f1a264e1ca9d4f22b371fc7","name":"foehn_dimac","image":{"@type":"ImageObject","inLanguage":"es","@id":"https:\/\/secure.gravatar.com\/avatar\/baad562c851353bfe103948e55b8167fb7ba4bb3b6a875deeeec0e9776ba075a?s=96&d=mm&r=g","url":"https:\/\/secure.gravatar.com\/avatar\/baad562c851353bfe103948e55b8167fb7ba4bb3b6a875deeeec0e9776ba075a?s=96&d=mm&r=g","contentUrl":"https:\/\/secure.gravatar.com\/avatar\/baad562c851353bfe103948e55b8167fb7ba4bb3b6a875deeeec0e9776ba075a?s=96&d=mm&r=g","caption":"foehn_dimac"},"sameAs":["https:\/\/www.dimacsrl.com"],"url":"https:\/\/www.dimacsrl.com\/es\/archives\/author\/foehn_dimac\/"}]}},"_links":{"self":[{"href":"https:\/\/www.dimacsrl.com\/es\/wp-json\/wp\/v2\/posts\/10469","targetHints":{"allow":["GET"]}}],"collection":[{"href":"https:\/\/www.dimacsrl.com\/es\/wp-json\/wp\/v2\/posts"}],"about":[{"href":"https:\/\/www.dimacsrl.com\/es\/wp-json\/wp\/v2\/types\/post"}],"author":[{"embeddable":true,"href":"https:\/\/www.dimacsrl.com\/es\/wp-json\/wp\/v2\/users\/1"}],"replies":[{"embeddable":true,"href":"https:\/\/www.dimacsrl.com\/es\/wp-json\/wp\/v2\/comments?post=10469"}],"version-history":[{"count":1,"href":"https:\/\/www.dimacsrl.com\/es\/wp-json\/wp\/v2\/posts\/10469\/revisions"}],"predecessor-version":[{"id":13402,"href":"https:\/\/www.dimacsrl.com\/es\/wp-json\/wp\/v2\/posts\/10469\/revisions\/13402"}],"wp:featuredmedia":[{"embeddable":true,"href":"https:\/\/www.dimacsrl.com\/es\/wp-json\/wp\/v2\/media\/13451"}],"wp:attachment":[{"href":"https:\/\/www.dimacsrl.com\/es\/wp-json\/wp\/v2\/media?parent=10469"}],"wp:term":[{"taxonomy":"category","embeddable":true,"href":"https:\/\/www.dimacsrl.com\/es\/wp-json\/wp\/v2\/categories?post=10469"},{"taxonomy":"post_tag","embeddable":true,"href":"https:\/\/www.dimacsrl.com\/es\/wp-json\/wp\/v2\/tags?post=10469"}],"curies":[{"name":"wp","href":"https:\/\/api.w.org\/{rel}","templated":true}]}}