{"id":10427,"date":"2022-06-07T09:26:05","date_gmt":"2022-06-07T07:26:05","guid":{"rendered":"https:\/\/www.dimacsrl.com\/home\/?p=10427"},"modified":"2024-05-15T17:34:28","modified_gmt":"2024-05-15T15:34:28","slug":"in-memory-of-carlo-agrati-1934-2022","status":"publish","type":"post","link":"https:\/\/www.dimacsrl.com\/fr\/archives\/in-memory-of-carlo-agrati-1934-2022\/","title":{"rendered":"\u00c0 la m\u00e9moire de Carlo Agrati \/ 1934-2022"},"content":{"rendered":"<div data-elementor-type=\"wp-post\" data-elementor-id=\"10427\" class=\"elementor elementor-10427\" data-elementor-post-type=\"post\">\n\t\t\t\t\t\t<section class=\"elementor-section elementor-top-section elementor-element elementor-element-275052a elementor-section-boxed elementor-section-height-default elementor-section-height-default\" data-id=\"275052a\" data-element_type=\"section\" data-e-type=\"section\">\n\t\t\t\t\t\t<div class=\"elementor-container elementor-column-gap-default\">\n\t\t\t\t\t<div class=\"elementor-column elementor-col-100 elementor-top-column elementor-element elementor-element-5149143\" data-id=\"5149143\" data-element_type=\"column\" data-e-type=\"column\">\n\t\t\t<div class=\"elementor-widget-wrap elementor-element-populated\">\n\t\t\t\t\t\t<div class=\"elementor-element elementor-element-47cd5ae elementor-widget elementor-widget-text-editor\" data-id=\"47cd5ae\" data-element_type=\"widget\" data-e-type=\"widget\" data-widget_type=\"text-editor.default\">\n\t\t\t\t<div class=\"elementor-widget-container\">\n\t\t\t\t\t\t\t\t\t<p><span style=\"font-size: 16px;\"><b><i>L'histoire d'une entreprise prosp\u00e8re ne fait qu'un avec celle de son fondateur.&nbsp;<\/i><\/b><\/span><b style=\"font-size: 16px; color: var( --e-global-color-text ); font-family: var( --e-global-typography-text-font-family ), Sans-serif;\"><i>Celle de Dimac, entreprise fond\u00e9e \u00e0 Tortona par Carlo Agrati en 1988, apr\u00e8s des ann\u00e9es de recherche et d'exp\u00e9rimentation dans le traitement des fixations, plonge ses racines dans les ann\u00e9es 50, dans le long sillage des grands m\u00e9caniciens italiens.<\/i><\/b><\/p>\n<p><span style=\"font-size: 16px;\">Carlo Agrati est d\u00e9c\u00e9d\u00e9 \u00e0 Tortona le 27 mai 2022.<\/span><\/p><p><span style=\"font-size: 16px;\">En \u00e9voquant les \u00e9tapes de sa carri\u00e8re professionnelle, nous rendons hommage \u00e0 la m\u00e9moire d'un homme curieux, cr\u00e9atif, passionn\u00e9 par son travail et aimant les nouveaux d\u00e9fis.<\/span><\/p>\t\t\t\t\t\t\t\t<\/div>\n\t\t\t\t<\/div>\n\t\t\t\t<div class=\"elementor-element elementor-element-af1a316 elementor-widget elementor-widget-spacer\" data-id=\"af1a316\" data-element_type=\"widget\" data-e-type=\"widget\" data-widget_type=\"spacer.default\">\n\t\t\t\t<div class=\"elementor-widget-container\">\n\t\t\t\t\t\t\t<div class=\"elementor-spacer\">\n\t\t\t<div class=\"elementor-spacer-inner\"><\/div>\n\t\t<\/div>\n\t\t\t\t\t\t<\/div>\n\t\t\t\t<\/div>\n\t\t\t\t<div class=\"elementor-element elementor-element-4c81771 elementor-widget elementor-widget-image\" data-id=\"4c81771\" data-element_type=\"widget\" data-e-type=\"widget\" data-widget_type=\"image.default\">\n\t\t\t\t<div class=\"elementor-widget-container\">\n\t\t\t\t\t\t\t\t\t\t\t\t\t\t\t<img decoding=\"async\" data-src=\"https:\/\/www.dimacsrl.com\/wp-content\/uploads\/banner-carlo-agrati_2.jpg\" title=\"\" alt=\"\" src=\"data:image\/svg+xml;base64,PHN2ZyB3aWR0aD0iMSIgaGVpZ2h0PSIxIiB4bWxucz0iaHR0cDovL3d3dy53My5vcmcvMjAwMC9zdmciPjwvc3ZnPg==\" class=\"lazyload\" \/>\t\t\t\t\t\t\t\t\t\t\t\t\t\t\t<\/div>\n\t\t\t\t<\/div>\n\t\t\t\t<div class=\"elementor-element elementor-element-9ae8d3f elementor-widget elementor-widget-spacer\" data-id=\"9ae8d3f\" data-element_type=\"widget\" data-e-type=\"widget\" data-widget_type=\"spacer.default\">\n\t\t\t\t<div class=\"elementor-widget-container\">\n\t\t\t\t\t\t\t<div class=\"elementor-spacer\">\n\t\t\t<div class=\"elementor-spacer-inner\"><\/div>\n\t\t<\/div>\n\t\t\t\t\t\t<\/div>\n\t\t\t\t<\/div>\n\t\t\t\t<div class=\"elementor-element elementor-element-00eb417 elementor-widget elementor-widget-text-editor\" data-id=\"00eb417\" data-element_type=\"widget\" data-e-type=\"widget\" data-widget_type=\"text-editor.default\">\n\t\t\t\t<div class=\"elementor-widget-container\">\n\t\t\t\t\t\t\t\t\t<p>Carlo Agrati est form\u00e9 \u00e0 l'\u00e9cole des experts m\u00e9caniciens dans le Milan de l'apr\u00e8s-guerre.\u00a0<span style=\"font-size: 14px; color: var( --e-global-color-text ); font-family: var( --e-global-typography-text-font-family ), Sans-serif; font-weight: var( --e-global-typography-text-font-weight );\">Ce sont des ann\u00e9es difficiles, mais pleines d'espoir, qui conduiront bient\u00f4t \u00e0 l'essor \u00e9conomique.<\/span><\/p><p>Dans les ann\u00e9es 1950, Carlo Agrati a fait fructifier son exp\u00e9rience de concepteur m\u00e9canique au sein du studio\u00a0<span style=\"font-size: 14px; color: var( --e-global-color-text ); font-family: var( --e-global-typography-text-font-family ), Sans-serif; font-weight: var( --e-global-typography-text-font-weight );\">Gusti di Milano, qui con\u00e7oit et construit des machines sp\u00e9ciales et des composants m\u00e9caniques\u00a0<\/span><span style=\"font-size: 14px; color: var( --e-global-color-text ); font-family: var( --e-global-typography-text-font-family ), Sans-serif; font-weight: var( --e-global-typography-text-font-weight );\">pour les secteurs automobile, pharmaceutique et alimentaire<\/span><\/p><p>En 1958, il cr\u00e9e avec quelques associ\u00e9s la soci\u00e9t\u00e9 SIMA, une usine de production de t\u00eates de vis automatiques.\u00a0<span style=\"font-size: 14px; color: var( --e-global-color-text ); font-family: var( --e-global-typography-text-font-family ), Sans-serif; font-weight: var( --e-global-typography-text-font-weight );\">les machines \u00e0 rainurer et les galets de filetage \u00e0 fili\u00e8re plan\u00e9taire.\u00a0<\/span><span style=\"font-size: 14px; color: var( --e-global-color-text ); font-family: var( --e-global-typography-text-font-family ), Sans-serif; font-weight: var( --e-global-typography-text-font-weight );\">C'est l\u00e0 qu'il a acquis ses comp\u00e9tences en mati\u00e8re de fabrication d'attaches, inventant et testant lui-m\u00eame des solutions.\u00a0<\/span><span style=\"font-size: 14px; color: var( --e-global-color-text ); font-family: var( --e-global-typography-text-font-family ), Sans-serif; font-weight: var( --e-global-typography-text-font-weight );\">qui am\u00e9liorent la productivit\u00e9 et l'efficacit\u00e9 des machines.<\/span><\/p><p>Apr\u00e8s 8 ans, Carlo Agrati est pr\u00eat \u00e0 quitter Milan pour se lancer dans une plus grande aventure :\u00a0<span style=\"font-size: 14px; color: var( --e-global-color-text ); font-family: var( --e-global-typography-text-font-family ), Sans-serif; font-weight: var( --e-global-typography-text-font-weight );\">reconversion d'un atelier historique de fabrication d'engrenages \u00e0 Tortona en une usine de machines \u00e0 rouler les filets pour les vis et les boulons appel\u00e9e Ingramatic.<\/span><\/p><p>Les machines \u00e0 fileter Ingramatic con\u00e7ues par Carlo Agrati et produites \u00e0 Tortona seront utilis\u00e9es avec succ\u00e8s.\u00a0\u00a0<span style=\"font-size: 14px; color: var( --e-global-color-text ); font-family: var( --e-global-typography-text-font-family ), Sans-serif; font-weight: var( --e-global-typography-text-font-weight );\">export\u00e9e depuis des ann\u00e9es dans le monde entier, en combinaison avec un syst\u00e8me innovant d'assemblage des rondelles.<\/span><\/p><p>Le g\u00e9nie et l'esprit d'entreprise de Carlo Agrati ne pouvaient rester indiff\u00e9rents \u00e0 l'av\u00e8nement de l'automatisation.\u00a0<span style=\"font-size: 14px; color: var( --e-global-color-text ); font-family: var( --e-global-typography-text-font-family ), Sans-serif; font-weight: var( --e-global-typography-text-font-weight );\">En 1976, il a particip\u00e9 \u00e0 la fondation de Vidue Elettronica, producteur de commandes CNC pour machines-outils.<\/span><\/p><p><span style=\"font-size: 14px; color: var( --e-global-color-text ); font-family: var( --e-global-typography-text-font-family ), Sans-serif; font-weight: var( --e-global-typography-text-font-weight );\">Douze ans plus tard, en 1988, Dimac voit le jour. Dimac r\u00e9alise la synth\u00e8se entre la m\u00e9canique et l'automatisation, gr\u00e2ce \u00e0 la collaboration avec de grandes entreprises telles que Graziano et CMT, fabricants de tours \u00e0 commande num\u00e9rique.\u00a0<\/span><span style=\"font-size: 14px; color: var( --e-global-color-text ); font-family: var( --e-global-typography-text-font-family ), Sans-serif; font-weight: var( --e-global-typography-text-font-weight );\">Dans les ann\u00e9es 90, Carlo Agrati se consacre \u00e0 plein temps \u00e0 Dimac, avec des projets d'automatisation et de mise \u00e0 niveau technologique des machines de forgeage \u00e0 froid et de roulage de filets, ainsi que l'am\u00e9lioration d'un syst\u00e8me d'assemblage de rondelles \u00e0 haute efficacit\u00e9.<\/span><\/p><p>L'entr\u00e9e de son fils Massimo dans l'entreprise et une nouvelle orientation vers les demandes du march\u00e9 en termes de qualit\u00e9 ont pouss\u00e9 l'entreprise \u00e0 \u00e9tudier et \u00e0 concevoir des machines automatiques pour l'inspection et le tri 100% des \u00e9l\u00e9ments de fixation.<\/p><p>En 1998 est pr\u00e9sent\u00e9e la MCV1, la premi\u00e8re machine de tri qui entre en production en 2000.\u00a0<span style=\"font-size: 14px; color: var( --e-global-color-text ); font-family: var( --e-global-typography-text-font-family ), Sans-serif; font-weight: var( --e-global-typography-text-font-weight );\">Depuis, la croissance a \u00e9t\u00e9 rapide et l'entreprise s'est impos\u00e9e sur le march\u00e9 avec d'importants succ\u00e8s commerciaux.<\/span><\/p><p>Le tri des sous-traitants est \u00e9galement mis en \u0153uvre, une activit\u00e9 indispensable, selon les mots de Carlo Agrati, pour mieux comprendre les besoins des clients, am\u00e9liorer les machines et consolider leur fiabilit\u00e9.<\/p><p>Depuis 2010, Dimac est pass\u00e9e entre les mains des enfants Anna Maria et Massimo. Aujourd'hui, c'est une entreprise solide, avec une mission pr\u00e9cise : l'inspection et le tri 100%.\u00a0<span style=\"font-size: 14px; color: var( --e-global-color-text ); font-family: var( --e-global-typography-text-font-family ), Sans-serif; font-weight: var( --e-global-typography-text-font-weight );\">Mais son ADN reste inchang\u00e9, fond\u00e9 sur des racines profondes, solidement ancr\u00e9es dans la grande histoire de la m\u00e9canique italienne.<\/span><\/p><div>\u00a0<\/div>\t\t\t\t\t\t\t\t<\/div>\n\t\t\t\t<\/div>\n\t\t\t\t<div class=\"elementor-element elementor-element-33bbf4d elementor-widget elementor-widget-spacer\" data-id=\"33bbf4d\" data-element_type=\"widget\" data-e-type=\"widget\" data-widget_type=\"spacer.default\">\n\t\t\t\t<div class=\"elementor-widget-container\">\n\t\t\t\t\t\t\t<div class=\"elementor-spacer\">\n\t\t\t<div class=\"elementor-spacer-inner\"><\/div>\n\t\t<\/div>\n\t\t\t\t\t\t<\/div>\n\t\t\t\t<\/div>\n\t\t\t\t<div class=\"elementor-element elementor-element-4438cdc elementor-widget elementor-widget-video\" data-id=\"4438cdc\" data-element_type=\"widget\" data-e-type=\"widget\" data-settings=\"{&quot;youtube_url&quot;:&quot;https:\\\/\\\/youtu.be\\\/YZlpWS7WWeE&quot;,&quot;mute&quot;:&quot;yes&quot;,&quot;loop&quot;:&quot;yes&quot;,&quot;video_type&quot;:&quot;youtube&quot;,&quot;controls&quot;:&quot;yes&quot;}\" data-widget_type=\"video.default\">\n\t\t\t\t<div class=\"elementor-widget-container\">\n\t\t\t\t\t\t\t<div class=\"elementor-wrapper elementor-open-inline\">\n\t\t\t<div class=\"elementor-video\"><\/div>\t\t<\/div>\n\t\t\t\t\t\t<\/div>\n\t\t\t\t<\/div>\n\t\t\t\t<div class=\"elementor-element elementor-element-f0e623a elementor-widget elementor-widget-spacer\" data-id=\"f0e623a\" data-element_type=\"widget\" data-e-type=\"widget\" data-widget_type=\"spacer.default\">\n\t\t\t\t<div class=\"elementor-widget-container\">\n\t\t\t\t\t\t\t<div class=\"elementor-spacer\">\n\t\t\t<div class=\"elementor-spacer-inner\"><\/div>\n\t\t<\/div>\n\t\t\t\t\t\t<\/div>\n\t\t\t\t<\/div>\n\t\t\t\t\t<\/div>\n\t\t<\/div>\n\t\t\t\t\t<\/div>\n\t\t<\/section>\n\t\t\t\t<\/div>","protected":false},"excerpt":{"rendered":"<p>The story of a successful company is one with the story of its founder.&nbsp;That of Dimac, a company founded in Tortona by Carlo Agrati in 1988, after years of research and experimentation in the processing of fasteners, has its roots in the 1950s, in the long wake of the great Italian mechanics. Carlo Agrati died [&hellip;]<\/p>\n","protected":false},"author":1,"featured_media":13454,"comment_status":"closed","ping_status":"open","sticky":false,"template":"elementor_theme","format":"standard","meta":{"_monsterinsights_skip_tracking":false,"footnotes":"","_members_access_role":[],"_members_access_error":""},"categories":[13],"tags":[56,55],"class_list":["post-10427","post","type-post","status-publish","format-standard","has-post-thumbnail","hentry","category-news","tag-corporate","tag-local"],"yoast_head":"<!-- This site is optimized with the Yoast SEO plugin v28.4 - https:\/\/yoast.com\/product\/yoast-seo-wordpress\/ -->\n<title>In memory of Carlo Agrati \/ 1934-2022 - Dimac - Automatic Quality Control Systems<\/title>\n<meta name=\"robots\" content=\"index, follow, max-snippet:-1, max-image-preview:large, max-video-preview:-1\" \/>\n<link rel=\"canonical\" href=\"https:\/\/www.dimacsrl.com\/fr\/archives\/in-memory-of-carlo-agrati-1934-2022\/\" \/>\n<meta property=\"og:locale\" content=\"fr_FR\" \/>\n<meta property=\"og:type\" content=\"article\" \/>\n<meta property=\"og:title\" content=\"In memory of Carlo Agrati \/ 1934-2022 - Dimac - Automatic Quality Control Systems\" \/>\n<meta property=\"og:description\" content=\"The story of a successful company is one with the story of its founder.&nbsp;That of Dimac, a company founded in Tortona by Carlo Agrati in 1988, after years of research and experimentation in the processing of fasteners, has its roots in the 1950s, in the long wake of the great Italian mechanics. Carlo Agrati died [&hellip;]\" \/>\n<meta property=\"og:url\" content=\"https:\/\/www.dimacsrl.com\/fr\/archives\/in-memory-of-carlo-agrati-1934-2022\/\" \/>\n<meta property=\"og:site_name\" content=\"Dimac - Automatic Quality Control Systems\" \/>\n<meta property=\"article:published_time\" content=\"2022-06-07T07:26:05+00:00\" \/>\n<meta property=\"article:modified_time\" content=\"2024-05-15T15:34:28+00:00\" \/>\n<meta property=\"og:image\" content=\"https:\/\/www.dimacsrl.com\/wp-content\/uploads\/2024\/04\/banner-carlo-agrati_2.jpg\" \/>\n\t<meta property=\"og:image:width\" content=\"1200\" \/>\n\t<meta property=\"og:image:height\" content=\"900\" \/>\n\t<meta property=\"og:image:type\" content=\"image\/jpeg\" \/>\n<meta name=\"author\" content=\"foehn_dimac\" \/>\n<meta name=\"twitter:card\" content=\"summary_large_image\" \/>\n<meta name=\"twitter:label1\" content=\"\u00c9crit par\" \/>\n\t<meta name=\"twitter:data1\" content=\"foehn_dimac\" \/>\n\t<meta name=\"twitter:label2\" content=\"Dur\u00e9e de lecture estim\u00e9e\" \/>\n\t<meta name=\"twitter:data2\" content=\"3 minutes\" \/>\n<script type=\"application\/ld+json\" class=\"yoast-schema-graph\">{\"@context\":\"https:\\\/\\\/schema.org\",\"@graph\":[{\"@type\":\"Article\",\"@id\":\"https:\\\/\\\/www.dimacsrl.com\\\/archives\\\/in-memory-of-carlo-agrati-1934-2022\\\/#article\",\"isPartOf\":{\"@id\":\"https:\\\/\\\/www.dimacsrl.com\\\/archives\\\/in-memory-of-carlo-agrati-1934-2022\\\/\"},\"author\":{\"name\":\"foehn_dimac\",\"@id\":\"https:\\\/\\\/www.dimacsrl.com\\\/#\\\/schema\\\/person\\\/95427a8e3f1a264e1ca9d4f22b371fc7\"},\"headline\":\"In memory of Carlo Agrati \\\/ 1934-2022\",\"datePublished\":\"2022-06-07T07:26:05+00:00\",\"dateModified\":\"2024-05-15T15:34:28+00:00\",\"mainEntityOfPage\":{\"@id\":\"https:\\\/\\\/www.dimacsrl.com\\\/archives\\\/in-memory-of-carlo-agrati-1934-2022\\\/\"},\"wordCount\":520,\"publisher\":{\"@id\":\"https:\\\/\\\/www.dimacsrl.com\\\/#organization\"},\"image\":{\"@id\":\"https:\\\/\\\/www.dimacsrl.com\\\/archives\\\/in-memory-of-carlo-agrati-1934-2022\\\/#primaryimage\"},\"thumbnailUrl\":\"https:\\\/\\\/www.dimacsrl.com\\\/wp-content\\\/uploads\\\/2024\\\/04\\\/banner-carlo-agrati_2.jpg\",\"keywords\":[\"corporate\",\"local\"],\"articleSection\":[\"News\"],\"inLanguage\":\"fr-FR\"},{\"@type\":\"WebPage\",\"@id\":\"https:\\\/\\\/www.dimacsrl.com\\\/archives\\\/in-memory-of-carlo-agrati-1934-2022\\\/\",\"url\":\"https:\\\/\\\/www.dimacsrl.com\\\/archives\\\/in-memory-of-carlo-agrati-1934-2022\\\/\",\"name\":\"In memory of Carlo Agrati \\\/ 1934-2022 - Dimac - Automatic Quality Control Systems\",\"isPartOf\":{\"@id\":\"https:\\\/\\\/www.dimacsrl.com\\\/#website\"},\"primaryImageOfPage\":{\"@id\":\"https:\\\/\\\/www.dimacsrl.com\\\/archives\\\/in-memory-of-carlo-agrati-1934-2022\\\/#primaryimage\"},\"image\":{\"@id\":\"https:\\\/\\\/www.dimacsrl.com\\\/archives\\\/in-memory-of-carlo-agrati-1934-2022\\\/#primaryimage\"},\"thumbnailUrl\":\"https:\\\/\\\/www.dimacsrl.com\\\/wp-content\\\/uploads\\\/2024\\\/04\\\/banner-carlo-agrati_2.jpg\",\"datePublished\":\"2022-06-07T07:26:05+00:00\",\"dateModified\":\"2024-05-15T15:34:28+00:00\",\"breadcrumb\":{\"@id\":\"https:\\\/\\\/www.dimacsrl.com\\\/archives\\\/in-memory-of-carlo-agrati-1934-2022\\\/#breadcrumb\"},\"inLanguage\":\"fr-FR\",\"potentialAction\":[{\"@type\":\"ReadAction\",\"target\":[\"https:\\\/\\\/www.dimacsrl.com\\\/archives\\\/in-memory-of-carlo-agrati-1934-2022\\\/\"]}]},{\"@type\":\"ImageObject\",\"inLanguage\":\"fr-FR\",\"@id\":\"https:\\\/\\\/www.dimacsrl.com\\\/archives\\\/in-memory-of-carlo-agrati-1934-2022\\\/#primaryimage\",\"url\":\"https:\\\/\\\/www.dimacsrl.com\\\/wp-content\\\/uploads\\\/2024\\\/04\\\/banner-carlo-agrati_2.jpg\",\"contentUrl\":\"https:\\\/\\\/www.dimacsrl.com\\\/wp-content\\\/uploads\\\/2024\\\/04\\\/banner-carlo-agrati_2.jpg\",\"width\":1200,\"height\":900},{\"@type\":\"BreadcrumbList\",\"@id\":\"https:\\\/\\\/www.dimacsrl.com\\\/archives\\\/in-memory-of-carlo-agrati-1934-2022\\\/#breadcrumb\",\"itemListElement\":[{\"@type\":\"ListItem\",\"position\":1,\"name\":\"Home\",\"item\":\"https:\\\/\\\/www.dimacsrl.com\\\/\"},{\"@type\":\"ListItem\",\"position\":2,\"name\":\"In memory of Carlo Agrati \\\/ 1934-2022\"}]},{\"@type\":\"WebSite\",\"@id\":\"https:\\\/\\\/www.dimacsrl.com\\\/#website\",\"url\":\"https:\\\/\\\/www.dimacsrl.com\\\/\",\"name\":\"Dimac - Automatic Quality Control Systems\",\"description\":\"Automatic quality control systems - 100% sorting &amp; spc of metal parts\",\"publisher\":{\"@id\":\"https:\\\/\\\/www.dimacsrl.com\\\/#organization\"},\"potentialAction\":[{\"@type\":\"SearchAction\",\"target\":{\"@type\":\"EntryPoint\",\"urlTemplate\":\"https:\\\/\\\/www.dimacsrl.com\\\/?s={search_term_string}\"},\"query-input\":{\"@type\":\"PropertyValueSpecification\",\"valueRequired\":true,\"valueName\":\"search_term_string\"}}],\"inLanguage\":\"fr-FR\"},{\"@type\":\"Organization\",\"@id\":\"https:\\\/\\\/www.dimacsrl.com\\\/#organization\",\"name\":\"Dimac - Automatic Quality Control Systems\",\"url\":\"https:\\\/\\\/www.dimacsrl.com\\\/\",\"logo\":{\"@type\":\"ImageObject\",\"inLanguage\":\"fr-FR\",\"@id\":\"https:\\\/\\\/www.dimacsrl.com\\\/#\\\/schema\\\/logo\\\/image\\\/\",\"url\":\"https:\\\/\\\/www.dimacsrl.com\\\/wp-content\\\/uploads\\\/2024\\\/04\\\/logo-Dimac-100-small.png\",\"contentUrl\":\"https:\\\/\\\/www.dimacsrl.com\\\/wp-content\\\/uploads\\\/2024\\\/04\\\/logo-Dimac-100-small.png\",\"width\":166,\"height\":67,\"caption\":\"Dimac - Automatic Quality Control Systems\"},\"image\":{\"@id\":\"https:\\\/\\\/www.dimacsrl.com\\\/#\\\/schema\\\/logo\\\/image\\\/\"}},{\"@type\":\"Person\",\"@id\":\"https:\\\/\\\/www.dimacsrl.com\\\/#\\\/schema\\\/person\\\/95427a8e3f1a264e1ca9d4f22b371fc7\",\"name\":\"foehn_dimac\",\"image\":{\"@type\":\"ImageObject\",\"inLanguage\":\"fr-FR\",\"@id\":\"https:\\\/\\\/secure.gravatar.com\\\/avatar\\\/baad562c851353bfe103948e55b8167fb7ba4bb3b6a875deeeec0e9776ba075a?s=96&d=mm&r=g\",\"url\":\"https:\\\/\\\/secure.gravatar.com\\\/avatar\\\/baad562c851353bfe103948e55b8167fb7ba4bb3b6a875deeeec0e9776ba075a?s=96&d=mm&r=g\",\"contentUrl\":\"https:\\\/\\\/secure.gravatar.com\\\/avatar\\\/baad562c851353bfe103948e55b8167fb7ba4bb3b6a875deeeec0e9776ba075a?s=96&d=mm&r=g\",\"caption\":\"foehn_dimac\"},\"sameAs\":[\"https:\\\/\\\/www.dimacsrl.com\"],\"url\":\"https:\\\/\\\/www.dimacsrl.com\\\/fr\\\/archives\\\/author\\\/foehn_dimac\\\/\"}]}<\/script>\n<!-- \/ Yoast SEO plugin. -->","yoast_head_json":{"title":"En m\u00e9moire de Carlo Agrati \/ 1934-2022 - Dimac - Automatic Quality Control Systems","robots":{"index":"index","follow":"follow","max-snippet":"max-snippet:-1","max-image-preview":"max-image-preview:large","max-video-preview":"max-video-preview:-1"},"canonical":"https:\/\/www.dimacsrl.com\/fr\/archives\/in-memory-of-carlo-agrati-1934-2022\/","og_locale":"fr_FR","og_type":"article","og_title":"In memory of Carlo Agrati \/ 1934-2022 - Dimac - Automatic Quality Control Systems","og_description":"The story of a successful company is one with the story of its founder.&nbsp;That of Dimac, a company founded in Tortona by Carlo Agrati in 1988, after years of research and experimentation in the processing of fasteners, has its roots in the 1950s, in the long wake of the great Italian mechanics. Carlo Agrati died [&hellip;]","og_url":"https:\/\/www.dimacsrl.com\/fr\/archives\/in-memory-of-carlo-agrati-1934-2022\/","og_site_name":"Dimac - Automatic Quality Control Systems","article_published_time":"2022-06-07T07:26:05+00:00","article_modified_time":"2024-05-15T15:34:28+00:00","og_image":[{"width":1200,"height":900,"url":"https:\/\/www.dimacsrl.com\/wp-content\/uploads\/2024\/04\/banner-carlo-agrati_2.jpg","type":"image\/jpeg"}],"author":"foehn_dimac","twitter_card":"summary_large_image","twitter_misc":{"\u00c9crit par":"foehn_dimac","Dur\u00e9e de lecture estim\u00e9e":"3 minutes"},"schema":{"@context":"https:\/\/schema.org","@graph":[{"@type":"Article","@id":"https:\/\/www.dimacsrl.com\/archives\/in-memory-of-carlo-agrati-1934-2022\/#article","isPartOf":{"@id":"https:\/\/www.dimacsrl.com\/archives\/in-memory-of-carlo-agrati-1934-2022\/"},"author":{"name":"foehn_dimac","@id":"https:\/\/www.dimacsrl.com\/#\/schema\/person\/95427a8e3f1a264e1ca9d4f22b371fc7"},"headline":"In memory of Carlo Agrati \/ 1934-2022","datePublished":"2022-06-07T07:26:05+00:00","dateModified":"2024-05-15T15:34:28+00:00","mainEntityOfPage":{"@id":"https:\/\/www.dimacsrl.com\/archives\/in-memory-of-carlo-agrati-1934-2022\/"},"wordCount":520,"publisher":{"@id":"https:\/\/www.dimacsrl.com\/#organization"},"image":{"@id":"https:\/\/www.dimacsrl.com\/archives\/in-memory-of-carlo-agrati-1934-2022\/#primaryimage"},"thumbnailUrl":"https:\/\/www.dimacsrl.com\/wp-content\/uploads\/2024\/04\/banner-carlo-agrati_2.jpg","keywords":["corporate","local"],"articleSection":["News"],"inLanguage":"fr-FR"},{"@type":"WebPage","@id":"https:\/\/www.dimacsrl.com\/archives\/in-memory-of-carlo-agrati-1934-2022\/","url":"https:\/\/www.dimacsrl.com\/archives\/in-memory-of-carlo-agrati-1934-2022\/","name":"En m\u00e9moire de Carlo Agrati \/ 1934-2022 - Dimac - Automatic Quality Control Systems","isPartOf":{"@id":"https:\/\/www.dimacsrl.com\/#website"},"primaryImageOfPage":{"@id":"https:\/\/www.dimacsrl.com\/archives\/in-memory-of-carlo-agrati-1934-2022\/#primaryimage"},"image":{"@id":"https:\/\/www.dimacsrl.com\/archives\/in-memory-of-carlo-agrati-1934-2022\/#primaryimage"},"thumbnailUrl":"https:\/\/www.dimacsrl.com\/wp-content\/uploads\/2024\/04\/banner-carlo-agrati_2.jpg","datePublished":"2022-06-07T07:26:05+00:00","dateModified":"2024-05-15T15:34:28+00:00","breadcrumb":{"@id":"https:\/\/www.dimacsrl.com\/archives\/in-memory-of-carlo-agrati-1934-2022\/#breadcrumb"},"inLanguage":"fr-FR","potentialAction":[{"@type":"ReadAction","target":["https:\/\/www.dimacsrl.com\/archives\/in-memory-of-carlo-agrati-1934-2022\/"]}]},{"@type":"ImageObject","inLanguage":"fr-FR","@id":"https:\/\/www.dimacsrl.com\/archives\/in-memory-of-carlo-agrati-1934-2022\/#primaryimage","url":"https:\/\/www.dimacsrl.com\/wp-content\/uploads\/2024\/04\/banner-carlo-agrati_2.jpg","contentUrl":"https:\/\/www.dimacsrl.com\/wp-content\/uploads\/2024\/04\/banner-carlo-agrati_2.jpg","width":1200,"height":900},{"@type":"BreadcrumbList","@id":"https:\/\/www.dimacsrl.com\/archives\/in-memory-of-carlo-agrati-1934-2022\/#breadcrumb","itemListElement":[{"@type":"ListItem","position":1,"name":"Home","item":"https:\/\/www.dimacsrl.com\/"},{"@type":"ListItem","position":2,"name":"In memory of Carlo Agrati \/ 1934-2022"}]},{"@type":"WebSite","@id":"https:\/\/www.dimacsrl.com\/#website","url":"https:\/\/www.dimacsrl.com\/","name":"Dimac - Syst\u00e8mes de contr\u00f4le automatique de la qualit\u00e9","description":"Syst\u00e8mes automatiques de contr\u00f4le de la qualit\u00e9 - 100% tri &amp; spc de pi\u00e8ces m\u00e9talliques","publisher":{"@id":"https:\/\/www.dimacsrl.com\/#organization"},"potentialAction":[{"@type":"SearchAction","target":{"@type":"EntryPoint","urlTemplate":"https:\/\/www.dimacsrl.com\/?s={search_term_string}"},"query-input":{"@type":"PropertyValueSpecification","valueRequired":true,"valueName":"search_term_string"}}],"inLanguage":"fr-FR"},{"@type":"Organization","@id":"https:\/\/www.dimacsrl.com\/#organization","name":"Dimac - Syst\u00e8mes de contr\u00f4le automatique de la qualit\u00e9","url":"https:\/\/www.dimacsrl.com\/","logo":{"@type":"ImageObject","inLanguage":"fr-FR","@id":"https:\/\/www.dimacsrl.com\/#\/schema\/logo\/image\/","url":"https:\/\/www.dimacsrl.com\/wp-content\/uploads\/2024\/04\/logo-Dimac-100-small.png","contentUrl":"https:\/\/www.dimacsrl.com\/wp-content\/uploads\/2024\/04\/logo-Dimac-100-small.png","width":166,"height":67,"caption":"Dimac - Automatic Quality Control Systems"},"image":{"@id":"https:\/\/www.dimacsrl.com\/#\/schema\/logo\/image\/"}},{"@type":"Person","@id":"https:\/\/www.dimacsrl.com\/#\/schema\/person\/95427a8e3f1a264e1ca9d4f22b371fc7","name":"foehn_dimac","image":{"@type":"ImageObject","inLanguage":"fr-FR","@id":"https:\/\/secure.gravatar.com\/avatar\/baad562c851353bfe103948e55b8167fb7ba4bb3b6a875deeeec0e9776ba075a?s=96&d=mm&r=g","url":"https:\/\/secure.gravatar.com\/avatar\/baad562c851353bfe103948e55b8167fb7ba4bb3b6a875deeeec0e9776ba075a?s=96&d=mm&r=g","contentUrl":"https:\/\/secure.gravatar.com\/avatar\/baad562c851353bfe103948e55b8167fb7ba4bb3b6a875deeeec0e9776ba075a?s=96&d=mm&r=g","caption":"foehn_dimac"},"sameAs":["https:\/\/www.dimacsrl.com"],"url":"https:\/\/www.dimacsrl.com\/fr\/archives\/author\/foehn_dimac\/"}]}},"_links":{"self":[{"href":"https:\/\/www.dimacsrl.com\/fr\/wp-json\/wp\/v2\/posts\/10427","targetHints":{"allow":["GET"]}}],"collection":[{"href":"https:\/\/www.dimacsrl.com\/fr\/wp-json\/wp\/v2\/posts"}],"about":[{"href":"https:\/\/www.dimacsrl.com\/fr\/wp-json\/wp\/v2\/types\/post"}],"author":[{"embeddable":true,"href":"https:\/\/www.dimacsrl.com\/fr\/wp-json\/wp\/v2\/users\/1"}],"replies":[{"embeddable":true,"href":"https:\/\/www.dimacsrl.com\/fr\/wp-json\/wp\/v2\/comments?post=10427"}],"version-history":[{"count":1,"href":"https:\/\/www.dimacsrl.com\/fr\/wp-json\/wp\/v2\/posts\/10427\/revisions"}],"predecessor-version":[{"id":13408,"href":"https:\/\/www.dimacsrl.com\/fr\/wp-json\/wp\/v2\/posts\/10427\/revisions\/13408"}],"wp:featuredmedia":[{"embeddable":true,"href":"https:\/\/www.dimacsrl.com\/fr\/wp-json\/wp\/v2\/media\/13454"}],"wp:attachment":[{"href":"https:\/\/www.dimacsrl.com\/fr\/wp-json\/wp\/v2\/media?parent=10427"}],"wp:term":[{"taxonomy":"category","embeddable":true,"href":"https:\/\/www.dimacsrl.com\/fr\/wp-json\/wp\/v2\/categories?post=10427"},{"taxonomy":"post_tag","embeddable":true,"href":"https:\/\/www.dimacsrl.com\/fr\/wp-json\/wp\/v2\/tags?post=10427"}],"curies":[{"name":"wp","href":"https:\/\/api.w.org\/{rel}","templated":true}]}}