{"id":10427,"date":"2022-06-07T09:26:05","date_gmt":"2022-06-07T07:26:05","guid":{"rendered":"https:\/\/www.dimacsrl.com\/home\/?p=10427"},"modified":"2024-05-15T17:34:28","modified_gmt":"2024-05-15T15:34:28","slug":"in-memory-of-carlo-agrati-1934-2022","status":"publish","type":"post","link":"https:\/\/www.dimacsrl.com\/pt\/archives\/in-memory-of-carlo-agrati-1934-2022\/","title":{"rendered":"Em mem\u00f3ria de Carlo Agrati \/ 1934-2022"},"content":{"rendered":"<div data-elementor-type=\"wp-post\" data-elementor-id=\"10427\" class=\"elementor elementor-10427\" data-elementor-post-type=\"post\">\n\t\t\t\t\t\t<section class=\"elementor-section elementor-top-section elementor-element elementor-element-275052a elementor-section-boxed elementor-section-height-default elementor-section-height-default\" data-id=\"275052a\" data-element_type=\"section\" data-e-type=\"section\">\n\t\t\t\t\t\t<div class=\"elementor-container elementor-column-gap-default\">\n\t\t\t\t\t<div class=\"elementor-column elementor-col-100 elementor-top-column elementor-element elementor-element-5149143\" data-id=\"5149143\" data-element_type=\"column\" data-e-type=\"column\">\n\t\t\t<div class=\"elementor-widget-wrap elementor-element-populated\">\n\t\t\t\t\t\t<div class=\"elementor-element elementor-element-47cd5ae elementor-widget elementor-widget-text-editor\" data-id=\"47cd5ae\" data-element_type=\"widget\" data-e-type=\"widget\" data-widget_type=\"text-editor.default\">\n\t\t\t\t<div class=\"elementor-widget-container\">\n\t\t\t\t\t\t\t\t\t<p><span style=\"font-size: 16px;\"><b><i>A hist\u00f3ria de uma empresa bem-sucedida \u00e9 uma s\u00f3 com a hist\u00f3ria de seu fundador.&nbsp;<\/i><\/b><\/span><b style=\"font-size: 16px; color: var( --e-global-color-text ); font-family: var( --e-global-typography-text-font-family ), Sans-serif;\"><i>A Dimac, uma empresa fundada em Tortona por Carlo Agrati em 1988, ap\u00f3s anos de pesquisa e experimenta\u00e7\u00e3o no processamento de fixadores, tem suas ra\u00edzes na d\u00e9cada de 1950, no longo rastro dos grandes mec\u00e2nicos italianos.<\/i><\/b><\/p>\n<p><span style=\"font-size: 16px;\">Carlo Agrati morreu em Tortona em 27 de maio de 2022.<\/span><\/p><p><span style=\"font-size: 16px;\">Ao relembrar as etapas de sua carreira profissional, homenageamos a mem\u00f3ria de um homem curioso e criativo, com grande paix\u00e3o por seu trabalho e amante de novos desafios.<\/span><\/p>\t\t\t\t\t\t\t\t<\/div>\n\t\t\t\t<\/div>\n\t\t\t\t<div class=\"elementor-element elementor-element-af1a316 elementor-widget elementor-widget-spacer\" data-id=\"af1a316\" data-element_type=\"widget\" data-e-type=\"widget\" data-widget_type=\"spacer.default\">\n\t\t\t\t<div class=\"elementor-widget-container\">\n\t\t\t\t\t\t\t<div class=\"elementor-spacer\">\n\t\t\t<div class=\"elementor-spacer-inner\"><\/div>\n\t\t<\/div>\n\t\t\t\t\t\t<\/div>\n\t\t\t\t<\/div>\n\t\t\t\t<div class=\"elementor-element elementor-element-4c81771 elementor-widget elementor-widget-image\" data-id=\"4c81771\" data-element_type=\"widget\" data-e-type=\"widget\" data-widget_type=\"image.default\">\n\t\t\t\t<div class=\"elementor-widget-container\">\n\t\t\t\t\t\t\t\t\t\t\t\t\t\t\t<img decoding=\"async\" data-src=\"https:\/\/www.dimacsrl.com\/wp-content\/uploads\/banner-carlo-agrati_2.jpg\" title=\"\" alt=\"\" src=\"data:image\/svg+xml;base64,PHN2ZyB3aWR0aD0iMSIgaGVpZ2h0PSIxIiB4bWxucz0iaHR0cDovL3d3dy53My5vcmcvMjAwMC9zdmciPjwvc3ZnPg==\" class=\"lazyload\" \/>\t\t\t\t\t\t\t\t\t\t\t\t\t\t\t<\/div>\n\t\t\t\t<\/div>\n\t\t\t\t<div class=\"elementor-element elementor-element-9ae8d3f elementor-widget elementor-widget-spacer\" data-id=\"9ae8d3f\" data-element_type=\"widget\" data-e-type=\"widget\" data-widget_type=\"spacer.default\">\n\t\t\t\t<div class=\"elementor-widget-container\">\n\t\t\t\t\t\t\t<div class=\"elementor-spacer\">\n\t\t\t<div class=\"elementor-spacer-inner\"><\/div>\n\t\t<\/div>\n\t\t\t\t\t\t<\/div>\n\t\t\t\t<\/div>\n\t\t\t\t<div class=\"elementor-element elementor-element-00eb417 elementor-widget elementor-widget-text-editor\" data-id=\"00eb417\" data-element_type=\"widget\" data-e-type=\"widget\" data-widget_type=\"text-editor.default\">\n\t\t\t\t<div class=\"elementor-widget-container\">\n\t\t\t\t\t\t\t\t\t<p>Carlo Agrati \u00e9 treinado na escola para mec\u00e2nicos especializados na Mil\u00e3o do p\u00f3s-guerra.\u00a0<span style=\"font-size: 14px; color: var( --e-global-color-text ); font-family: var( --e-global-typography-text-font-family ), Sans-serif; font-weight: var( --e-global-typography-text-font-weight );\">Esses s\u00e3o anos dif\u00edceis, mas cheios de esperan\u00e7a, que logo levar\u00e3o ao boom econ\u00f4mico.<\/span><\/p><p>Na d\u00e9cada de 1950, Carlo Agrati fez sua experi\u00eancia como designer mec\u00e2nico no est\u00fadio\u00a0<span style=\"font-size: 14px; color: var( --e-global-color-text ); font-family: var( --e-global-typography-text-font-family ), Sans-serif; font-weight: var( --e-global-typography-text-font-weight );\">Gusti di Milano, que projeta e constr\u00f3i m\u00e1quinas especiais e componentes mec\u00e2nicos\u00a0<\/span><span style=\"font-size: 14px; color: var( --e-global-color-text ); font-family: var( --e-global-typography-text-font-family ), Sans-serif; font-weight: var( --e-global-typography-text-font-weight );\">para os setores automotivo, farmac\u00eautico e aliment\u00edcio<\/span><\/p><p>Em 1958, com alguns parceiros, ele criou a SIMA, uma f\u00e1brica para a produ\u00e7\u00e3o de cabe\u00e7as de rosca autom\u00e1ticas\u00a0<span style=\"font-size: 14px; color: var( --e-global-color-text ); font-family: var( --e-global-typography-text-font-family ), Sans-serif; font-weight: var( --e-global-typography-text-font-weight );\">m\u00e1quinas de entalhe e rolos de rosca de matriz planet\u00e1ria.\u00a0<\/span><span style=\"font-size: 14px; color: var( --e-global-color-text ); font-family: var( --e-global-typography-text-font-family ), Sans-serif; font-weight: var( --e-global-typography-text-font-weight );\">Foi l\u00e1 que ele desenvolveu suas habilidades de fabrica\u00e7\u00e3o de fixadores, inventando e testando solu\u00e7\u00f5es pessoalmente\u00a0<\/span><span style=\"font-size: 14px; color: var( --e-global-color-text ); font-family: var( --e-global-typography-text-font-family ), Sans-serif; font-weight: var( --e-global-typography-text-font-weight );\">que melhoram a produtividade e a efici\u00eancia do maquin\u00e1rio.<\/span><\/p><p>Ap\u00f3s 8 anos, Carlo Agrati est\u00e1 pronto para deixar Mil\u00e3o e embarcar em uma aventura maior:\u00a0<span style=\"font-size: 14px; color: var( --e-global-color-text ); font-family: var( --e-global-typography-text-font-family ), Sans-serif; font-weight: var( --e-global-typography-text-font-weight );\">reconvers\u00e3o de uma oficina hist\u00f3rica de fabrica\u00e7\u00e3o de engrenagens em Tortona em uma f\u00e1brica de m\u00e1quinas de lamina\u00e7\u00e3o de roscas para parafusos e porcas chamada Ingramatic.<\/span><\/p><p>As m\u00e1quinas de rosqueamento Ingramatic, projetadas por Carlo Agrati e produzidas em Tortona, ser\u00e3o bem-sucedidas\u00a0\u00a0<span style=\"font-size: 14px; color: var( --e-global-color-text ); font-family: var( --e-global-typography-text-font-family ), Sans-serif; font-weight: var( --e-global-typography-text-font-weight );\">exportados h\u00e1 anos para todo o mundo, em combina\u00e7\u00e3o com um sistema inovador de montagem de arruelas.<\/span><\/p><p>O g\u00eanio e o esp\u00edrito empreendedor de Carlo Agrati n\u00e3o podiam ficar indiferentes ao advento da automa\u00e7\u00e3o.\u00a0<span style=\"font-size: 14px; color: var( --e-global-color-text ); font-family: var( --e-global-typography-text-font-family ), Sans-serif; font-weight: var( --e-global-typography-text-font-weight );\">Em 1976, participou da funda\u00e7\u00e3o da Vidue Elettronica, fabricante de controles CNC para m\u00e1quinas-ferramenta.<\/span><\/p><p><span style=\"font-size: 14px; color: var( --e-global-color-text ); font-family: var( --e-global-typography-text-font-family ), Sans-serif; font-weight: var( --e-global-typography-text-font-weight );\">Doze anos depois, em 1988, nasceu a Dimac. Com a Dimac, \u00e9 poss\u00edvel obter uma s\u00edntese entre mec\u00e2nica e automa\u00e7\u00e3o, gra\u00e7as \u00e0 colabora\u00e7\u00e3o com grandes empresas, como a Graziano e a CMT, fabricantes de tornos CNC.\u00a0<\/span><span style=\"font-size: 14px; color: var( --e-global-color-text ); font-family: var( --e-global-typography-text-font-family ), Sans-serif; font-weight: var( --e-global-typography-text-font-weight );\">Durante a d\u00e9cada de 90, Carlo Agrati dedicou-se em tempo integral \u00e0 Dimac, com projetos de automa\u00e7\u00e3o e atualiza\u00e7\u00f5es tecnol\u00f3gicas de m\u00e1quinas de forjamento a frio e de lamina\u00e7\u00e3o de roscas e com o aprimoramento de um sistema de montagem de lavadoras de alta efici\u00eancia.<\/span><\/p><p>A entrada de seu filho Massimo na empresa e um novo foco nas exig\u00eancias do mercado em termos de qualidade desafiaram a empresa a estudar e projetar m\u00e1quinas autom\u00e1ticas para a inspe\u00e7\u00e3o e classifica\u00e7\u00e3o de fixadores 100%.<\/p><p>Em 1998, \u00e9 apresentada a MCV1, a primeira m\u00e1quina de classifica\u00e7\u00e3o que entra em produ\u00e7\u00e3o em 2000.\u00a0<span style=\"font-size: 14px; color: var( --e-global-color-text ); font-family: var( --e-global-typography-text-font-family ), Sans-serif; font-weight: var( --e-global-typography-text-font-weight );\">Desde ent\u00e3o, o crescimento tem sido r\u00e1pido e a empresa se estabeleceu no mercado com importantes sucessos de vendas.<\/span><\/p><p>A classifica\u00e7\u00e3o de subcontrata\u00e7\u00e3o tamb\u00e9m foi implementada, uma atividade indispens\u00e1vel, de acordo com as palavras de Carlo Agrati, para entender melhor as necessidades dos clientes, melhorar as m\u00e1quinas e consolidar sua confiabilidade.<\/p><p>Desde 2010, a Dimac passou para as m\u00e3os dos filhos Anna Maria e Massimo. Agora \u00e9 uma empresa s\u00f3lida, com uma miss\u00e3o precisa: inspe\u00e7\u00e3o e classifica\u00e7\u00e3o de 100%.\u00a0<span style=\"font-size: 14px; color: var( --e-global-color-text ); font-family: var( --e-global-typography-text-font-family ), Sans-serif; font-weight: var( --e-global-typography-text-font-weight );\">Mas isso mant\u00e9m seu DNA inalterado, fundado em ra\u00edzes profundas, solidamente plantadas na grande hist\u00f3ria da mec\u00e2nica italiana.<\/span><\/p><div>\u00a0<\/div>\t\t\t\t\t\t\t\t<\/div>\n\t\t\t\t<\/div>\n\t\t\t\t<div class=\"elementor-element elementor-element-33bbf4d elementor-widget elementor-widget-spacer\" data-id=\"33bbf4d\" data-element_type=\"widget\" data-e-type=\"widget\" data-widget_type=\"spacer.default\">\n\t\t\t\t<div class=\"elementor-widget-container\">\n\t\t\t\t\t\t\t<div class=\"elementor-spacer\">\n\t\t\t<div class=\"elementor-spacer-inner\"><\/div>\n\t\t<\/div>\n\t\t\t\t\t\t<\/div>\n\t\t\t\t<\/div>\n\t\t\t\t<div class=\"elementor-element elementor-element-4438cdc elementor-widget elementor-widget-video\" data-id=\"4438cdc\" data-element_type=\"widget\" data-e-type=\"widget\" data-settings=\"{&quot;youtube_url&quot;:&quot;https:\\\/\\\/youtu.be\\\/YZlpWS7WWeE&quot;,&quot;mute&quot;:&quot;yes&quot;,&quot;loop&quot;:&quot;yes&quot;,&quot;video_type&quot;:&quot;youtube&quot;,&quot;controls&quot;:&quot;yes&quot;}\" data-widget_type=\"video.default\">\n\t\t\t\t<div class=\"elementor-widget-container\">\n\t\t\t\t\t\t\t<div class=\"elementor-wrapper elementor-open-inline\">\n\t\t\t<div class=\"elementor-video\"><\/div>\t\t<\/div>\n\t\t\t\t\t\t<\/div>\n\t\t\t\t<\/div>\n\t\t\t\t<div class=\"elementor-element elementor-element-f0e623a elementor-widget elementor-widget-spacer\" data-id=\"f0e623a\" data-element_type=\"widget\" data-e-type=\"widget\" data-widget_type=\"spacer.default\">\n\t\t\t\t<div class=\"elementor-widget-container\">\n\t\t\t\t\t\t\t<div class=\"elementor-spacer\">\n\t\t\t<div class=\"elementor-spacer-inner\"><\/div>\n\t\t<\/div>\n\t\t\t\t\t\t<\/div>\n\t\t\t\t<\/div>\n\t\t\t\t\t<\/div>\n\t\t<\/div>\n\t\t\t\t\t<\/div>\n\t\t<\/section>\n\t\t\t\t<\/div>","protected":false},"excerpt":{"rendered":"<p>The story of a successful company is one with the story of its founder.&nbsp;That of Dimac, a company founded in Tortona by Carlo Agrati in 1988, after years of research and experimentation in the processing of fasteners, has its roots in the 1950s, in the long wake of the great Italian mechanics. Carlo Agrati died [&hellip;]<\/p>\n","protected":false},"author":1,"featured_media":13454,"comment_status":"closed","ping_status":"open","sticky":false,"template":"elementor_theme","format":"standard","meta":{"_monsterinsights_skip_tracking":false,"footnotes":"","_members_access_role":[],"_members_access_error":""},"categories":[13],"tags":[56,55],"class_list":["post-10427","post","type-post","status-publish","format-standard","has-post-thumbnail","hentry","category-news","tag-corporate","tag-local"],"yoast_head":"<!-- This site is optimized with the Yoast SEO plugin v28.4 - https:\/\/yoast.com\/product\/yoast-seo-wordpress\/ -->\n<title>In memory of Carlo Agrati \/ 1934-2022 - Dimac - Automatic Quality Control Systems<\/title>\n<meta name=\"robots\" content=\"index, follow, max-snippet:-1, max-image-preview:large, max-video-preview:-1\" \/>\n<link rel=\"canonical\" href=\"https:\/\/www.dimacsrl.com\/pt\/archives\/in-memory-of-carlo-agrati-1934-2022\/\" \/>\n<meta property=\"og:locale\" content=\"pt_BR\" \/>\n<meta property=\"og:type\" content=\"article\" \/>\n<meta property=\"og:title\" content=\"In memory of Carlo Agrati \/ 1934-2022 - Dimac - Automatic Quality Control Systems\" \/>\n<meta property=\"og:description\" content=\"The story of a successful company is one with the story of its founder.&nbsp;That of Dimac, a company founded in Tortona by Carlo Agrati in 1988, after years of research and experimentation in the processing of fasteners, has its roots in the 1950s, in the long wake of the great Italian mechanics. Carlo Agrati died [&hellip;]\" \/>\n<meta property=\"og:url\" content=\"https:\/\/www.dimacsrl.com\/pt\/archives\/in-memory-of-carlo-agrati-1934-2022\/\" \/>\n<meta property=\"og:site_name\" content=\"Dimac - Automatic Quality Control Systems\" \/>\n<meta property=\"article:published_time\" content=\"2022-06-07T07:26:05+00:00\" \/>\n<meta property=\"article:modified_time\" content=\"2024-05-15T15:34:28+00:00\" \/>\n<meta property=\"og:image\" content=\"https:\/\/www.dimacsrl.com\/wp-content\/uploads\/2024\/04\/banner-carlo-agrati_2.jpg\" \/>\n\t<meta property=\"og:image:width\" content=\"1200\" \/>\n\t<meta property=\"og:image:height\" content=\"900\" \/>\n\t<meta property=\"og:image:type\" content=\"image\/jpeg\" \/>\n<meta name=\"author\" content=\"foehn_dimac\" \/>\n<meta name=\"twitter:card\" content=\"summary_large_image\" \/>\n<meta name=\"twitter:label1\" content=\"Escrito por\" \/>\n\t<meta name=\"twitter:data1\" content=\"foehn_dimac\" \/>\n\t<meta name=\"twitter:label2\" content=\"Est. tempo de leitura\" \/>\n\t<meta name=\"twitter:data2\" content=\"3 minutos\" \/>\n<script type=\"application\/ld+json\" class=\"yoast-schema-graph\">{\"@context\":\"https:\\\/\\\/schema.org\",\"@graph\":[{\"@type\":\"Article\",\"@id\":\"https:\\\/\\\/www.dimacsrl.com\\\/archives\\\/in-memory-of-carlo-agrati-1934-2022\\\/#article\",\"isPartOf\":{\"@id\":\"https:\\\/\\\/www.dimacsrl.com\\\/archives\\\/in-memory-of-carlo-agrati-1934-2022\\\/\"},\"author\":{\"name\":\"foehn_dimac\",\"@id\":\"https:\\\/\\\/www.dimacsrl.com\\\/#\\\/schema\\\/person\\\/95427a8e3f1a264e1ca9d4f22b371fc7\"},\"headline\":\"In memory of Carlo Agrati \\\/ 1934-2022\",\"datePublished\":\"2022-06-07T07:26:05+00:00\",\"dateModified\":\"2024-05-15T15:34:28+00:00\",\"mainEntityOfPage\":{\"@id\":\"https:\\\/\\\/www.dimacsrl.com\\\/archives\\\/in-memory-of-carlo-agrati-1934-2022\\\/\"},\"wordCount\":520,\"publisher\":{\"@id\":\"https:\\\/\\\/www.dimacsrl.com\\\/#organization\"},\"image\":{\"@id\":\"https:\\\/\\\/www.dimacsrl.com\\\/archives\\\/in-memory-of-carlo-agrati-1934-2022\\\/#primaryimage\"},\"thumbnailUrl\":\"https:\\\/\\\/www.dimacsrl.com\\\/wp-content\\\/uploads\\\/2024\\\/04\\\/banner-carlo-agrati_2.jpg\",\"keywords\":[\"corporate\",\"local\"],\"articleSection\":[\"News\"],\"inLanguage\":\"pt-BR\"},{\"@type\":\"WebPage\",\"@id\":\"https:\\\/\\\/www.dimacsrl.com\\\/archives\\\/in-memory-of-carlo-agrati-1934-2022\\\/\",\"url\":\"https:\\\/\\\/www.dimacsrl.com\\\/archives\\\/in-memory-of-carlo-agrati-1934-2022\\\/\",\"name\":\"In memory of Carlo Agrati \\\/ 1934-2022 - Dimac - Automatic Quality Control Systems\",\"isPartOf\":{\"@id\":\"https:\\\/\\\/www.dimacsrl.com\\\/#website\"},\"primaryImageOfPage\":{\"@id\":\"https:\\\/\\\/www.dimacsrl.com\\\/archives\\\/in-memory-of-carlo-agrati-1934-2022\\\/#primaryimage\"},\"image\":{\"@id\":\"https:\\\/\\\/www.dimacsrl.com\\\/archives\\\/in-memory-of-carlo-agrati-1934-2022\\\/#primaryimage\"},\"thumbnailUrl\":\"https:\\\/\\\/www.dimacsrl.com\\\/wp-content\\\/uploads\\\/2024\\\/04\\\/banner-carlo-agrati_2.jpg\",\"datePublished\":\"2022-06-07T07:26:05+00:00\",\"dateModified\":\"2024-05-15T15:34:28+00:00\",\"breadcrumb\":{\"@id\":\"https:\\\/\\\/www.dimacsrl.com\\\/archives\\\/in-memory-of-carlo-agrati-1934-2022\\\/#breadcrumb\"},\"inLanguage\":\"pt-BR\",\"potentialAction\":[{\"@type\":\"ReadAction\",\"target\":[\"https:\\\/\\\/www.dimacsrl.com\\\/archives\\\/in-memory-of-carlo-agrati-1934-2022\\\/\"]}]},{\"@type\":\"ImageObject\",\"inLanguage\":\"pt-BR\",\"@id\":\"https:\\\/\\\/www.dimacsrl.com\\\/archives\\\/in-memory-of-carlo-agrati-1934-2022\\\/#primaryimage\",\"url\":\"https:\\\/\\\/www.dimacsrl.com\\\/wp-content\\\/uploads\\\/2024\\\/04\\\/banner-carlo-agrati_2.jpg\",\"contentUrl\":\"https:\\\/\\\/www.dimacsrl.com\\\/wp-content\\\/uploads\\\/2024\\\/04\\\/banner-carlo-agrati_2.jpg\",\"width\":1200,\"height\":900},{\"@type\":\"BreadcrumbList\",\"@id\":\"https:\\\/\\\/www.dimacsrl.com\\\/archives\\\/in-memory-of-carlo-agrati-1934-2022\\\/#breadcrumb\",\"itemListElement\":[{\"@type\":\"ListItem\",\"position\":1,\"name\":\"Home\",\"item\":\"https:\\\/\\\/www.dimacsrl.com\\\/\"},{\"@type\":\"ListItem\",\"position\":2,\"name\":\"In memory of Carlo Agrati \\\/ 1934-2022\"}]},{\"@type\":\"WebSite\",\"@id\":\"https:\\\/\\\/www.dimacsrl.com\\\/#website\",\"url\":\"https:\\\/\\\/www.dimacsrl.com\\\/\",\"name\":\"Dimac - Automatic Quality Control Systems\",\"description\":\"Automatic quality control systems - 100% sorting &amp; spc of metal parts\",\"publisher\":{\"@id\":\"https:\\\/\\\/www.dimacsrl.com\\\/#organization\"},\"potentialAction\":[{\"@type\":\"SearchAction\",\"target\":{\"@type\":\"EntryPoint\",\"urlTemplate\":\"https:\\\/\\\/www.dimacsrl.com\\\/?s={search_term_string}\"},\"query-input\":{\"@type\":\"PropertyValueSpecification\",\"valueRequired\":true,\"valueName\":\"search_term_string\"}}],\"inLanguage\":\"pt-BR\"},{\"@type\":\"Organization\",\"@id\":\"https:\\\/\\\/www.dimacsrl.com\\\/#organization\",\"name\":\"Dimac - Automatic Quality Control Systems\",\"url\":\"https:\\\/\\\/www.dimacsrl.com\\\/\",\"logo\":{\"@type\":\"ImageObject\",\"inLanguage\":\"pt-BR\",\"@id\":\"https:\\\/\\\/www.dimacsrl.com\\\/#\\\/schema\\\/logo\\\/image\\\/\",\"url\":\"https:\\\/\\\/www.dimacsrl.com\\\/wp-content\\\/uploads\\\/2024\\\/04\\\/logo-Dimac-100-small.png\",\"contentUrl\":\"https:\\\/\\\/www.dimacsrl.com\\\/wp-content\\\/uploads\\\/2024\\\/04\\\/logo-Dimac-100-small.png\",\"width\":166,\"height\":67,\"caption\":\"Dimac - Automatic Quality Control Systems\"},\"image\":{\"@id\":\"https:\\\/\\\/www.dimacsrl.com\\\/#\\\/schema\\\/logo\\\/image\\\/\"}},{\"@type\":\"Person\",\"@id\":\"https:\\\/\\\/www.dimacsrl.com\\\/#\\\/schema\\\/person\\\/95427a8e3f1a264e1ca9d4f22b371fc7\",\"name\":\"foehn_dimac\",\"image\":{\"@type\":\"ImageObject\",\"inLanguage\":\"pt-BR\",\"@id\":\"https:\\\/\\\/secure.gravatar.com\\\/avatar\\\/baad562c851353bfe103948e55b8167fb7ba4bb3b6a875deeeec0e9776ba075a?s=96&d=mm&r=g\",\"url\":\"https:\\\/\\\/secure.gravatar.com\\\/avatar\\\/baad562c851353bfe103948e55b8167fb7ba4bb3b6a875deeeec0e9776ba075a?s=96&d=mm&r=g\",\"contentUrl\":\"https:\\\/\\\/secure.gravatar.com\\\/avatar\\\/baad562c851353bfe103948e55b8167fb7ba4bb3b6a875deeeec0e9776ba075a?s=96&d=mm&r=g\",\"caption\":\"foehn_dimac\"},\"sameAs\":[\"https:\\\/\\\/www.dimacsrl.com\"],\"url\":\"https:\\\/\\\/www.dimacsrl.com\\\/pt\\\/archives\\\/author\\\/foehn_dimac\\\/\"}]}<\/script>\n<!-- \/ Yoast SEO plugin. -->","yoast_head_json":{"title":"Em mem\u00f3ria de Carlo Agrati \/ 1934-2022 - Dimac - Sistemas Autom\u00e1ticos de Controle de Qualidade","robots":{"index":"index","follow":"follow","max-snippet":"max-snippet:-1","max-image-preview":"max-image-preview:large","max-video-preview":"max-video-preview:-1"},"canonical":"https:\/\/www.dimacsrl.com\/pt\/archives\/in-memory-of-carlo-agrati-1934-2022\/","og_locale":"pt_BR","og_type":"article","og_title":"In memory of Carlo Agrati \/ 1934-2022 - Dimac - Automatic Quality Control Systems","og_description":"The story of a successful company is one with the story of its founder.&nbsp;That of Dimac, a company founded in Tortona by Carlo Agrati in 1988, after years of research and experimentation in the processing of fasteners, has its roots in the 1950s, in the long wake of the great Italian mechanics. Carlo Agrati died [&hellip;]","og_url":"https:\/\/www.dimacsrl.com\/pt\/archives\/in-memory-of-carlo-agrati-1934-2022\/","og_site_name":"Dimac - Automatic Quality Control Systems","article_published_time":"2022-06-07T07:26:05+00:00","article_modified_time":"2024-05-15T15:34:28+00:00","og_image":[{"width":1200,"height":900,"url":"https:\/\/www.dimacsrl.com\/wp-content\/uploads\/2024\/04\/banner-carlo-agrati_2.jpg","type":"image\/jpeg"}],"author":"foehn_dimac","twitter_card":"summary_large_image","twitter_misc":{"Escrito por":"foehn_dimac","Est. tempo de leitura":"3 minutos"},"schema":{"@context":"https:\/\/schema.org","@graph":[{"@type":"Article","@id":"https:\/\/www.dimacsrl.com\/archives\/in-memory-of-carlo-agrati-1934-2022\/#article","isPartOf":{"@id":"https:\/\/www.dimacsrl.com\/archives\/in-memory-of-carlo-agrati-1934-2022\/"},"author":{"name":"foehn_dimac","@id":"https:\/\/www.dimacsrl.com\/#\/schema\/person\/95427a8e3f1a264e1ca9d4f22b371fc7"},"headline":"In memory of Carlo Agrati \/ 1934-2022","datePublished":"2022-06-07T07:26:05+00:00","dateModified":"2024-05-15T15:34:28+00:00","mainEntityOfPage":{"@id":"https:\/\/www.dimacsrl.com\/archives\/in-memory-of-carlo-agrati-1934-2022\/"},"wordCount":520,"publisher":{"@id":"https:\/\/www.dimacsrl.com\/#organization"},"image":{"@id":"https:\/\/www.dimacsrl.com\/archives\/in-memory-of-carlo-agrati-1934-2022\/#primaryimage"},"thumbnailUrl":"https:\/\/www.dimacsrl.com\/wp-content\/uploads\/2024\/04\/banner-carlo-agrati_2.jpg","keywords":["corporate","local"],"articleSection":["News"],"inLanguage":"pt-BR"},{"@type":"WebPage","@id":"https:\/\/www.dimacsrl.com\/archives\/in-memory-of-carlo-agrati-1934-2022\/","url":"https:\/\/www.dimacsrl.com\/archives\/in-memory-of-carlo-agrati-1934-2022\/","name":"Em mem\u00f3ria de Carlo Agrati \/ 1934-2022 - Dimac - Sistemas Autom\u00e1ticos de Controle de Qualidade","isPartOf":{"@id":"https:\/\/www.dimacsrl.com\/#website"},"primaryImageOfPage":{"@id":"https:\/\/www.dimacsrl.com\/archives\/in-memory-of-carlo-agrati-1934-2022\/#primaryimage"},"image":{"@id":"https:\/\/www.dimacsrl.com\/archives\/in-memory-of-carlo-agrati-1934-2022\/#primaryimage"},"thumbnailUrl":"https:\/\/www.dimacsrl.com\/wp-content\/uploads\/2024\/04\/banner-carlo-agrati_2.jpg","datePublished":"2022-06-07T07:26:05+00:00","dateModified":"2024-05-15T15:34:28+00:00","breadcrumb":{"@id":"https:\/\/www.dimacsrl.com\/archives\/in-memory-of-carlo-agrati-1934-2022\/#breadcrumb"},"inLanguage":"pt-BR","potentialAction":[{"@type":"ReadAction","target":["https:\/\/www.dimacsrl.com\/archives\/in-memory-of-carlo-agrati-1934-2022\/"]}]},{"@type":"ImageObject","inLanguage":"pt-BR","@id":"https:\/\/www.dimacsrl.com\/archives\/in-memory-of-carlo-agrati-1934-2022\/#primaryimage","url":"https:\/\/www.dimacsrl.com\/wp-content\/uploads\/2024\/04\/banner-carlo-agrati_2.jpg","contentUrl":"https:\/\/www.dimacsrl.com\/wp-content\/uploads\/2024\/04\/banner-carlo-agrati_2.jpg","width":1200,"height":900},{"@type":"BreadcrumbList","@id":"https:\/\/www.dimacsrl.com\/archives\/in-memory-of-carlo-agrati-1934-2022\/#breadcrumb","itemListElement":[{"@type":"ListItem","position":1,"name":"Home","item":"https:\/\/www.dimacsrl.com\/"},{"@type":"ListItem","position":2,"name":"In memory of Carlo Agrati \/ 1934-2022"}]},{"@type":"WebSite","@id":"https:\/\/www.dimacsrl.com\/#website","url":"https:\/\/www.dimacsrl.com\/","name":"Dimac - Sistemas autom\u00e1ticos de controle de qualidade","description":"Sistemas autom\u00e1ticos de controle de qualidade - 100% classifica\u00e7\u00e3o e spc de pe\u00e7as met\u00e1licas","publisher":{"@id":"https:\/\/www.dimacsrl.com\/#organization"},"potentialAction":[{"@type":"SearchAction","target":{"@type":"EntryPoint","urlTemplate":"https:\/\/www.dimacsrl.com\/?s={search_term_string}"},"query-input":{"@type":"PropertyValueSpecification","valueRequired":true,"valueName":"search_term_string"}}],"inLanguage":"pt-BR"},{"@type":"Organization","@id":"https:\/\/www.dimacsrl.com\/#organization","name":"Dimac - Sistemas autom\u00e1ticos de controle de qualidade","url":"https:\/\/www.dimacsrl.com\/","logo":{"@type":"ImageObject","inLanguage":"pt-BR","@id":"https:\/\/www.dimacsrl.com\/#\/schema\/logo\/image\/","url":"https:\/\/www.dimacsrl.com\/wp-content\/uploads\/2024\/04\/logo-Dimac-100-small.png","contentUrl":"https:\/\/www.dimacsrl.com\/wp-content\/uploads\/2024\/04\/logo-Dimac-100-small.png","width":166,"height":67,"caption":"Dimac - Automatic Quality Control Systems"},"image":{"@id":"https:\/\/www.dimacsrl.com\/#\/schema\/logo\/image\/"}},{"@type":"Person","@id":"https:\/\/www.dimacsrl.com\/#\/schema\/person\/95427a8e3f1a264e1ca9d4f22b371fc7","name":"foehn_dimac","image":{"@type":"ImageObject","inLanguage":"pt-BR","@id":"https:\/\/secure.gravatar.com\/avatar\/baad562c851353bfe103948e55b8167fb7ba4bb3b6a875deeeec0e9776ba075a?s=96&d=mm&r=g","url":"https:\/\/secure.gravatar.com\/avatar\/baad562c851353bfe103948e55b8167fb7ba4bb3b6a875deeeec0e9776ba075a?s=96&d=mm&r=g","contentUrl":"https:\/\/secure.gravatar.com\/avatar\/baad562c851353bfe103948e55b8167fb7ba4bb3b6a875deeeec0e9776ba075a?s=96&d=mm&r=g","caption":"foehn_dimac"},"sameAs":["https:\/\/www.dimacsrl.com"],"url":"https:\/\/www.dimacsrl.com\/pt\/archives\/author\/foehn_dimac\/"}]}},"_links":{"self":[{"href":"https:\/\/www.dimacsrl.com\/pt\/wp-json\/wp\/v2\/posts\/10427","targetHints":{"allow":["GET"]}}],"collection":[{"href":"https:\/\/www.dimacsrl.com\/pt\/wp-json\/wp\/v2\/posts"}],"about":[{"href":"https:\/\/www.dimacsrl.com\/pt\/wp-json\/wp\/v2\/types\/post"}],"author":[{"embeddable":true,"href":"https:\/\/www.dimacsrl.com\/pt\/wp-json\/wp\/v2\/users\/1"}],"replies":[{"embeddable":true,"href":"https:\/\/www.dimacsrl.com\/pt\/wp-json\/wp\/v2\/comments?post=10427"}],"version-history":[{"count":1,"href":"https:\/\/www.dimacsrl.com\/pt\/wp-json\/wp\/v2\/posts\/10427\/revisions"}],"predecessor-version":[{"id":13408,"href":"https:\/\/www.dimacsrl.com\/pt\/wp-json\/wp\/v2\/posts\/10427\/revisions\/13408"}],"wp:featuredmedia":[{"embeddable":true,"href":"https:\/\/www.dimacsrl.com\/pt\/wp-json\/wp\/v2\/media\/13454"}],"wp:attachment":[{"href":"https:\/\/www.dimacsrl.com\/pt\/wp-json\/wp\/v2\/media?parent=10427"}],"wp:term":[{"taxonomy":"category","embeddable":true,"href":"https:\/\/www.dimacsrl.com\/pt\/wp-json\/wp\/v2\/categories?post=10427"},{"taxonomy":"post_tag","embeddable":true,"href":"https:\/\/www.dimacsrl.com\/pt\/wp-json\/wp\/v2\/tags?post=10427"}],"curies":[{"name":"wp","href":"https:\/\/api.w.org\/{rel}","templated":true}]}}