{"id":10469,"date":"2022-06-21T14:35:57","date_gmt":"2022-06-21T12:35:57","guid":{"rendered":"https:\/\/www.dimacsrl.com\/home\/?p=10469"},"modified":"2024-05-15T17:34:28","modified_gmt":"2024-05-15T15:34:28","slug":"20-years-of-dimac-mcv1-at-the-wire-fair-in-dusseldorf","status":"publish","type":"post","link":"https:\/\/www.dimacsrl.com\/pt\/archives\/20-years-of-dimac-mcv1-at-the-wire-fair-in-dusseldorf\/","title":{"rendered":"20 anos de Dimac mcv1 na feira WIRE em D\u00fcsseldorf"},"content":{"rendered":"<div data-elementor-type=\"wp-post\" data-elementor-id=\"10469\" class=\"elementor elementor-10469\" data-elementor-post-type=\"post\">\n\t\t\t\t\t\t<section class=\"elementor-section elementor-top-section elementor-element elementor-element-726c9e6 elementor-section-boxed elementor-section-height-default elementor-section-height-default\" data-id=\"726c9e6\" data-element_type=\"section\" data-e-type=\"section\">\n\t\t\t\t\t\t<div class=\"elementor-container elementor-column-gap-default\">\n\t\t\t\t\t<div class=\"elementor-column elementor-col-100 elementor-top-column elementor-element elementor-element-d2c1c10\" data-id=\"d2c1c10\" data-element_type=\"column\" data-e-type=\"column\">\n\t\t\t<div class=\"elementor-widget-wrap elementor-element-populated\">\n\t\t\t\t\t\t<div class=\"elementor-element elementor-element-cb810ad elementor-widget elementor-widget-image\" data-id=\"cb810ad\" data-element_type=\"widget\" data-e-type=\"widget\" data-widget_type=\"image.default\">\n\t\t\t\t<div class=\"elementor-widget-container\">\n\t\t\t\t\t\t\t\t\t\t\t\t\t\t\t<img decoding=\"async\" data-src=\"https:\/\/www.dimacsrl.com\/wp-content\/uploads\/20years-mcv1.jpg\" title=\"\" alt=\"\" src=\"data:image\/svg+xml;base64,PHN2ZyB3aWR0aD0iMSIgaGVpZ2h0PSIxIiB4bWxucz0iaHR0cDovL3d3dy53My5vcmcvMjAwMC9zdmciPjwvc3ZnPg==\" class=\"lazyload\" \/>\t\t\t\t\t\t\t\t\t\t\t\t\t\t\t<\/div>\n\t\t\t\t<\/div>\n\t\t\t\t<div class=\"elementor-element elementor-element-60f5b8f elementor-widget elementor-widget-text-editor\" data-id=\"60f5b8f\" data-element_type=\"widget\" data-e-type=\"widget\" data-widget_type=\"text-editor.default\">\n\t\t\t\t<div class=\"elementor-widget-container\">\n\t\t\t\t\t\t\t\t\t<h3><span style=\"color: #839939;\">Entrevista com Massimo Agrati - CEO da Dimac srl\u00a0<\/span><\/h3>\t\t\t\t\t\t\t\t<\/div>\n\t\t\t\t<\/div>\n\t\t\t\t<div class=\"elementor-element elementor-element-3beb8b2 elementor-widget elementor-widget-text-editor\" data-id=\"3beb8b2\" data-element_type=\"widget\" data-e-type=\"widget\" data-widget_type=\"text-editor.default\">\n\t\t\t\t<div class=\"elementor-widget-container\">\n\t\t\t\t\t\t\t\t\t<p><strong><span style=\"font-size: 16px;\">O Dimac mcv1 completa 20 anos e o modelo principal da empresa foi apresentado pela primeira vez na\u00a0<\/span><\/strong><strong style=\"font-size: 14px;\"><span style=\"font-size: 16px;\">2002\u00a0<\/span><\/strong><strong><span style=\"font-size: 16px;\"><a href=\"https:\/\/www.wire-tradefair.com\/\" target=\"_blank\" rel=\"noopener\">Feira de arame de D\u00fcsseldorf<\/a>.<\/span><\/strong><\/p><blockquote><p><span style=\"font-size: 16px;\">O prot\u00f3tipo do mcv1 era caracterizado por uma mec\u00e2nica muito robusta e um sistema de vis\u00e3o da SONY que hoje definir\u00edamos como quase \u201cjur\u00e1ssico\u201d, com uma c\u00e2mera anal\u00f3gica e um monitor de tubo de raios cat\u00f3dicos program\u00e1vel apenas com um joystick. Naquela \u00e9poca, nossa prioridade era a mec\u00e2nica e a robustez.\u00a0<\/span><\/p><p><span style=\"font-size: 16px;\">Meu pai, Carlo Agrati (na foto), fundador da Ingramatic Spa, foi um dos mais importantes projetistas mec\u00e2nicos italianos na \u00e1rea de m\u00e1quinas para produ\u00e7\u00e3o e rosqueamento de parafusos. Na Dimac, nossa empresa familiar, ele queria colocar sua experi\u00eancia a servi\u00e7o do projeto de m\u00e1quinas de controle e classifica\u00e7\u00e3o autom\u00e1ticas 100% que garantissem alta confiabilidade e flexibilidade.<\/span><\/p><\/blockquote><p><b><span style=\"font-size: 16px;\">Como voc\u00ea decidiu projetar\u00a0<\/span><span style=\"font-size: 16px; color: var( --e-global-color-text ); font-family: var( --e-global-typography-text-font-family ), Sans-serif;\">uma triagem autom\u00e1tica 100%\u00a0<\/span><span style=\"font-size: 16px; color: var( --e-global-color-text ); font-family: var( --e-global-typography-text-font-family ), Sans-serif;\">m\u00e1quina para parafusos?<\/span><\/b><\/p><blockquote><p><span style=\"font-size: 16px;\">O convite para projetar essas m\u00e1quinas veio de clientes italianos dos quais meu pai era consultor.\u00a0<\/span><\/p><p><span style=\"font-size: 16px;\">No final dos anos 90, a Dimac estava envolvida principalmente na moderniza\u00e7\u00e3o de m\u00e1quinas para a produ\u00e7\u00e3o de parafusos em clientes italianos, alem\u00e3es e franceses. Gra\u00e7as a feedbacks boca a boca, entramos em contato com um subcontratado alem\u00e3o de classifica\u00e7\u00e3o especializado na classifica\u00e7\u00e3o manual de parafusos e pe\u00e7as especiais. Eles estavam procurando uma m\u00e1quina de classifica\u00e7\u00e3o de alta velocidade e qualidade superior para parafusos e queriam colaborar conosco no desenvolvimento do prot\u00f3tipo. Foi assim que nasceu o prot\u00f3tipo da m\u00e1quina mcv1. A primeira m\u00e1quina ainda est\u00e1 funcionando na subcontratada alem\u00e3 em Neuenrade ap\u00f3s algumas moderniza\u00e7\u00f5es.<\/span><\/p><\/blockquote><p><span style=\"font-size: 16px;\"><b>Qual foi o feedback que voc\u00ea recebeu da Wire 2002?<\/b><\/span><\/p><blockquote><p><span style=\"font-size: 16px;\">A Wire 2002 nos deu uma visibilidade importante e despertou muita curiosidade entre os clientes europeus. A autoridade reconhecida ao meu pai no campo da fabrica\u00e7\u00e3o de fixadores e seu profundo conhecimento das m\u00e1quinas de produ\u00e7\u00e3o mais complexas convenceram os primeiros clientes a acreditar que a mcv1 certamente seria uma m\u00e1quina de alta velocidade, robusta e confi\u00e1vel.<\/span><\/p><\/blockquote>\t\t\t\t\t\t\t\t<\/div>\n\t\t\t\t<\/div>\n\t\t\t\t<div class=\"elementor-element elementor-element-3d48a8c elementor-widget elementor-widget-spacer\" data-id=\"3d48a8c\" data-element_type=\"widget\" data-e-type=\"widget\" data-widget_type=\"spacer.default\">\n\t\t\t\t<div class=\"elementor-widget-container\">\n\t\t\t\t\t\t\t<div class=\"elementor-spacer\">\n\t\t\t<div class=\"elementor-spacer-inner\"><\/div>\n\t\t<\/div>\n\t\t\t\t\t\t<\/div>\n\t\t\t\t<\/div>\n\t\t\t\t<div class=\"elementor-element elementor-element-a55ec34 elementor-widget elementor-widget-image\" data-id=\"a55ec34\" data-element_type=\"widget\" data-e-type=\"widget\" data-widget_type=\"image.default\">\n\t\t\t\t<div class=\"elementor-widget-container\">\n\t\t\t\t\t\t\t\t\t\t\t\t\t\t\t<img decoding=\"async\" data-src=\"https:\/\/www.dimacsrl.com\/wp-content\/uploads\/20years-mcv12.jpg\" title=\"\" alt=\"\" src=\"data:image\/svg+xml;base64,PHN2ZyB3aWR0aD0iMSIgaGVpZ2h0PSIxIiB4bWxucz0iaHR0cDovL3d3dy53My5vcmcvMjAwMC9zdmciPjwvc3ZnPg==\" class=\"lazyload\" \/>\t\t\t\t\t\t\t\t\t\t\t\t\t\t\t<\/div>\n\t\t\t\t<\/div>\n\t\t\t\t<div class=\"elementor-element elementor-element-ef6a40e elementor-widget elementor-widget-spacer\" data-id=\"ef6a40e\" data-element_type=\"widget\" data-e-type=\"widget\" data-widget_type=\"spacer.default\">\n\t\t\t\t<div class=\"elementor-widget-container\">\n\t\t\t\t\t\t\t<div class=\"elementor-spacer\">\n\t\t\t<div class=\"elementor-spacer-inner\"><\/div>\n\t\t<\/div>\n\t\t\t\t\t\t<\/div>\n\t\t\t\t<\/div>\n\t\t\t\t<div class=\"elementor-element elementor-element-7cdd6e9 elementor-widget elementor-widget-text-editor\" data-id=\"7cdd6e9\" data-element_type=\"widget\" data-e-type=\"widget\" data-widget_type=\"text-editor.default\">\n\t\t\t\t<div class=\"elementor-widget-container\">\n\t\t\t\t\t\t\t\t\t<p><b style=\"font-size: 16px; color: var( --e-global-color-text ); font-family: var( --e-global-typography-text-font-family ), Sans-serif;\">Como o mcv1 se desenvolveu ap\u00f3s a Wire 2002?<\/b><\/p><blockquote><p><span style=\"font-size: 16px;\">A evolu\u00e7\u00e3o da m\u00e1quina ao longo dos anos envolveu o sistema de manuseio de pe\u00e7as: uma bacia de alimenta\u00e7\u00e3o desenvolvida de acordo com nossas especifica\u00e7\u00f5es para fixadores de dif\u00edcil orienta\u00e7\u00e3o, uma bacia de alimenta\u00e7\u00e3o desenvolvida para obter altas taxas de produ\u00e7\u00e3o de at\u00e9 800 pe\u00e7as por minuto, um elevador com tremonha e carregador basculante, uma correia transportadora especial para transportar suavemente as pe\u00e7as OK, uma calha de segrega\u00e7\u00e3o para pe\u00e7as NOK dentro da estrutura da m\u00e1quina, uma calha de sa\u00edda program\u00e1vel para manter as pe\u00e7as NOK separadas por op\u00e7\u00e3o, o desenvolvimento de m\u00e1quinas para o encaixotamento autom\u00e1tico imediato das pe\u00e7as OK abaixo da calha de sa\u00edda.<\/span><\/p><p><span style=\"font-size: 16px;\">Ao mesmo tempo, foram introduzidas novas esta\u00e7\u00f5es para testes n\u00e3o destrutivos por corrente de Foucault para trincas e tratamento t\u00e9rmico, novas esta\u00e7\u00f5es \u00f3pticas para controle dimensional de 360\u00b0 e de defeitos de superf\u00edcie, esta\u00e7\u00f5es de controle mec\u00e2nico para aferi\u00e7\u00e3o de caracter\u00edsticas internas.\u00a0<\/span><\/p><p><span style=\"font-size: 16px;\">A interface do usu\u00e1rio e as fun\u00e7\u00f5es para o controle dimensional \u00f3ptico e para a detec\u00e7\u00e3o de defeitos de superf\u00edcie foram constantemente enriquecidas com novos par\u00e2metros e filtros para identificar defeitos cada vez mais complexos e localizados. Foi introduzida a capacidade de arquivar a galeria de imagens de pe\u00e7as defeituosas dentro do plano de controle. Um modo TEST especial permite que o sistema de vis\u00e3o verifique a configura\u00e7\u00e3o da m\u00e1quina com todas as imagens de defeitos conhecidos na galeria. Os dados estat\u00edsticos foram disponibilizados em diferentes formatos, como CSV, TXT e SQL, para serem exportados em tempo real pela conex\u00e3o remota. A m\u00e1quina pode ser monitorada e programada off-line.\u00a0<\/span><\/p><p><span style=\"font-size: 16px;\">Hoje podemos confirmar que a mcv1 continua sendo uma m\u00e1quina de ponta para a sele\u00e7\u00e3o autom\u00e1tica de fixadores 100% com um coeficiente muito alto de confiabilidade, versatilidade, precis\u00e3o e repetibilidade.<\/span><\/p><\/blockquote>\t\t\t\t\t\t\t\t<\/div>\n\t\t\t\t<\/div>\n\t\t\t\t<section class=\"elementor-section elementor-inner-section elementor-element elementor-element-88a8745 elementor-section-boxed elementor-section-height-default elementor-section-height-default\" data-id=\"88a8745\" data-element_type=\"section\" data-e-type=\"section\">\n\t\t\t\t\t\t<div class=\"elementor-container elementor-column-gap-default\">\n\t\t\t\t\t<div class=\"elementor-column elementor-col-50 elementor-inner-column elementor-element elementor-element-b9fb14f\" data-id=\"b9fb14f\" data-element_type=\"column\" data-e-type=\"column\">\n\t\t\t<div class=\"elementor-widget-wrap elementor-element-populated\">\n\t\t\t\t\t\t<div class=\"elementor-element elementor-element-d1d4b7c elementor-align-justify elementor-widget elementor-widget-button\" data-id=\"d1d4b7c\" data-element_type=\"widget\" data-e-type=\"widget\" data-widget_type=\"button.default\">\n\t\t\t\t<div class=\"elementor-widget-container\">\n\t\t\t\t\t\t\t\t\t<div class=\"elementor-button-wrapper\">\n\t\t\t\t\t<a class=\"elementor-button elementor-button-link elementor-size-sm\" href=\"https:\/\/www.dimacsrl.com\/en\/mcv1-5\/\">\n\t\t\t\t\t\t<span class=\"elementor-button-content-wrapper\">\n\t\t\t\t\t\t\t\t\t<span class=\"elementor-button-text\">MAIS SOBRE O MCV1<\/span>\n\t\t\t\t\t<\/span>\n\t\t\t\t\t<\/a>\n\t\t\t\t<\/div>\n\t\t\t\t\t\t\t\t<\/div>\n\t\t\t\t<\/div>\n\t\t\t\t\t<\/div>\n\t\t<\/div>\n\t\t\t\t<div class=\"elementor-column elementor-col-50 elementor-inner-column elementor-element elementor-element-049182d\" data-id=\"049182d\" data-element_type=\"column\" data-e-type=\"column\">\n\t\t\t<div class=\"elementor-widget-wrap elementor-element-populated\">\n\t\t\t\t\t\t<div class=\"elementor-element elementor-element-4b081b3 elementor-widget elementor-widget-spacer\" data-id=\"4b081b3\" data-element_type=\"widget\" data-e-type=\"widget\" data-widget_type=\"spacer.default\">\n\t\t\t\t<div class=\"elementor-widget-container\">\n\t\t\t\t\t\t\t<div class=\"elementor-spacer\">\n\t\t\t<div class=\"elementor-spacer-inner\"><\/div>\n\t\t<\/div>\n\t\t\t\t\t\t<\/div>\n\t\t\t\t<\/div>\n\t\t\t\t\t<\/div>\n\t\t<\/div>\n\t\t\t\t\t<\/div>\n\t\t<\/section>\n\t\t\t\t<div class=\"elementor-element elementor-element-39bbe2e elementor-widget elementor-widget-spacer\" data-id=\"39bbe2e\" data-element_type=\"widget\" data-e-type=\"widget\" data-widget_type=\"spacer.default\">\n\t\t\t\t<div class=\"elementor-widget-container\">\n\t\t\t\t\t\t\t<div class=\"elementor-spacer\">\n\t\t\t<div class=\"elementor-spacer-inner\"><\/div>\n\t\t<\/div>\n\t\t\t\t\t\t<\/div>\n\t\t\t\t<\/div>\n\t\t\t\t\t<\/div>\n\t\t<\/div>\n\t\t\t\t\t<\/div>\n\t\t<\/section>\n\t\t\t\t<section class=\"elementor-section elementor-top-section elementor-element elementor-element-7e41085 elementor-section-boxed elementor-section-height-default elementor-section-height-default\" data-id=\"7e41085\" data-element_type=\"section\" data-e-type=\"section\" data-settings=\"{&quot;background_background&quot;:&quot;classic&quot;}\">\n\t\t\t\t\t\t<div class=\"elementor-container elementor-column-gap-default\">\n\t\t\t\t\t<div class=\"elementor-column elementor-col-100 elementor-top-column elementor-element elementor-element-d36c1da\" data-id=\"d36c1da\" data-element_type=\"column\" data-e-type=\"column\">\n\t\t\t<div class=\"elementor-widget-wrap elementor-element-populated\">\n\t\t\t\t\t\t<section class=\"elementor-section elementor-inner-section elementor-element elementor-element-4b7e20e elementor-section-boxed elementor-section-height-default elementor-section-height-default\" data-id=\"4b7e20e\" data-element_type=\"section\" data-e-type=\"section\">\n\t\t\t\t\t\t<div class=\"elementor-container elementor-column-gap-default\">\n\t\t\t\t\t<div class=\"elementor-column elementor-col-50 elementor-inner-column elementor-element elementor-element-a6cb43b\" data-id=\"a6cb43b\" data-element_type=\"column\" data-e-type=\"column\">\n\t\t\t<div class=\"elementor-widget-wrap elementor-element-populated\">\n\t\t\t\t\t\t<div class=\"elementor-element elementor-element-bc40873 elementor-widget elementor-widget-image\" data-id=\"bc40873\" data-element_type=\"widget\" data-e-type=\"widget\" data-widget_type=\"image.default\">\n\t\t\t\t<div class=\"elementor-widget-container\">\n\t\t\t\t\t\t\t\t\t\t\t\t\t\t\t<img decoding=\"async\" data-src=\"https:\/\/www.dimacsrl.com\/wp-content\/uploads\/logo-wire.jpg\" title=\"\" alt=\"\" src=\"data:image\/svg+xml;base64,PHN2ZyB3aWR0aD0iMSIgaGVpZ2h0PSIxIiB4bWxucz0iaHR0cDovL3d3dy53My5vcmcvMjAwMC9zdmciPjwvc3ZnPg==\" class=\"lazyload\" \/>\t\t\t\t\t\t\t\t\t\t\t\t\t\t\t<\/div>\n\t\t\t\t<\/div>\n\t\t\t\t\t<\/div>\n\t\t<\/div>\n\t\t\t\t<div class=\"elementor-column elementor-col-50 elementor-inner-column elementor-element elementor-element-b495dab\" data-id=\"b495dab\" data-element_type=\"column\" data-e-type=\"column\">\n\t\t\t<div class=\"elementor-widget-wrap elementor-element-populated\">\n\t\t\t\t\t\t<div class=\"elementor-element elementor-element-c5c7fed elementor-widget elementor-widget-text-editor\" data-id=\"c5c7fed\" data-element_type=\"widget\" data-e-type=\"widget\" data-widget_type=\"text-editor.default\">\n\t\t\t\t<div class=\"elementor-widget-container\">\n\t\t\t\t\t\t\t\t\t<h4><b>Voc\u00ea pode nos encontrar na WIRE 2022 - estande 13D63<\/b><\/h4><p><b>20 a 24 de junho<br \/><\/b><span style=\"font-size: 14px; color: var( --e-global-color-text );\"><b>Messe D\u00fcsseldorf<br \/><\/b><\/span><span style=\"font-size: 14px; color: var( --e-global-color-text );\">Stockumer Kirchstra\u00dfe 61<\/span><strong style=\"font-size: 14px; color: var( --e-global-color-text );\"><a href=\"https:\/\/www.wire-tradefair.com\/\" target=\"_blank\" rel=\"noopener\">www.wire-tradefair.com<\/a><\/strong><\/p>\t\t\t\t\t\t\t\t<\/div>\n\t\t\t\t<\/div>\n\t\t\t\t\t<\/div>\n\t\t<\/div>\n\t\t\t\t\t<\/div>\n\t\t<\/section>\n\t\t\t\t<div class=\"elementor-element elementor-element-fe674dd elementor-widget elementor-widget-image\" data-id=\"fe674dd\" data-element_type=\"widget\" data-e-type=\"widget\" data-widget_type=\"image.default\">\n\t\t\t\t<div class=\"elementor-widget-container\">\n\t\t\t\t\t\t\t\t\t\t\t\t\t\t\t<img decoding=\"async\" data-src=\"https:\/\/www.dimacsrl.com\/wp-content\/uploads\/mappa-01-1.png\" title=\"\" alt=\"\" src=\"data:image\/svg+xml;base64,PHN2ZyB3aWR0aD0iMSIgaGVpZ2h0PSIxIiB4bWxucz0iaHR0cDovL3d3dy53My5vcmcvMjAwMC9zdmciPjwvc3ZnPg==\" class=\"lazyload\" \/>\t\t\t\t\t\t\t\t\t\t\t\t\t\t\t<\/div>\n\t\t\t\t<\/div>\n\t\t\t\t\t<\/div>\n\t\t<\/div>\n\t\t\t\t\t<\/div>\n\t\t<\/section>\n\t\t\t\t<\/div>","protected":false},"excerpt":{"rendered":"<p>Interview with Massimo Agrati &#8211; CEO of Dimac srl\u00a0 Dimac mcv1 turns 20, the company\u2019s flagship model was presented for the first time at the\u00a02002\u00a0D\u00fcsseldorf Wire fair. The mcv1 prototype was characterized by very robust mechanics, and a SONY vision system that today we would define almost \u201cJurassic\u201d with an analog camera and cathode ray [&hellip;]<\/p>\n","protected":false},"author":1,"featured_media":13451,"comment_status":"closed","ping_status":"open","sticky":false,"template":"elementor_theme","format":"standard","meta":{"_monsterinsights_skip_tracking":false,"footnotes":"","_members_access_role":[],"_members_access_error":""},"categories":[13],"tags":[56,54],"class_list":["post-10469","post","type-post","status-publish","format-standard","has-post-thumbnail","hentry","category-news","tag-corporate","tag-fairs"],"yoast_head":"<!-- This site is optimized with the Yoast SEO plugin v28.4 - https:\/\/yoast.com\/product\/yoast-seo-wordpress\/ -->\n<title>20 years of Dimac mcv1 at the WIRE fair in D\u00fcsseldorf - Dimac - Automatic Quality Control Systems<\/title>\n<meta name=\"robots\" content=\"index, follow, max-snippet:-1, max-image-preview:large, max-video-preview:-1\" \/>\n<link rel=\"canonical\" href=\"https:\/\/www.dimacsrl.com\/pt\/archives\/20-years-of-dimac-mcv1-at-the-wire-fair-in-dusseldorf\/\" \/>\n<meta property=\"og:locale\" content=\"pt_BR\" \/>\n<meta property=\"og:type\" content=\"article\" \/>\n<meta property=\"og:title\" content=\"20 years of Dimac mcv1 at the WIRE fair in D\u00fcsseldorf - Dimac - Automatic Quality Control Systems\" \/>\n<meta property=\"og:description\" content=\"Interview with Massimo Agrati &#8211; CEO of Dimac srl\u00a0 Dimac mcv1 turns 20, the company\u2019s flagship model was presented for the first time at the\u00a02002\u00a0D\u00fcsseldorf Wire fair. The mcv1 prototype was characterized by very robust mechanics, and a SONY vision system that today we would define almost \u201cJurassic\u201d with an analog camera and cathode ray [&hellip;]\" \/>\n<meta property=\"og:url\" content=\"https:\/\/www.dimacsrl.com\/pt\/archives\/20-years-of-dimac-mcv1-at-the-wire-fair-in-dusseldorf\/\" \/>\n<meta property=\"og:site_name\" content=\"Dimac - Automatic Quality Control Systems\" \/>\n<meta property=\"article:published_time\" content=\"2022-06-21T12:35:57+00:00\" \/>\n<meta property=\"article:modified_time\" content=\"2024-05-15T15:34:28+00:00\" \/>\n<meta property=\"og:image\" content=\"https:\/\/www.dimacsrl.com\/wp-content\/uploads\/2024\/04\/20years-mcv1.jpg\" \/>\n\t<meta property=\"og:image:width\" content=\"800\" \/>\n\t<meta property=\"og:image:height\" content=\"520\" \/>\n\t<meta property=\"og:image:type\" content=\"image\/jpeg\" \/>\n<meta name=\"author\" content=\"foehn_dimac\" \/>\n<meta name=\"twitter:card\" content=\"summary_large_image\" \/>\n<meta name=\"twitter:label1\" content=\"Escrito por\" \/>\n\t<meta name=\"twitter:data1\" content=\"foehn_dimac\" \/>\n\t<meta name=\"twitter:label2\" content=\"Est. tempo de leitura\" \/>\n\t<meta name=\"twitter:data2\" content=\"3 minutos\" \/>\n<script type=\"application\/ld+json\" class=\"yoast-schema-graph\">{\"@context\":\"https:\\\/\\\/schema.org\",\"@graph\":[{\"@type\":\"Article\",\"@id\":\"https:\\\/\\\/www.dimacsrl.com\\\/archives\\\/20-years-of-dimac-mcv1-at-the-wire-fair-in-dusseldorf\\\/#article\",\"isPartOf\":{\"@id\":\"https:\\\/\\\/www.dimacsrl.com\\\/archives\\\/20-years-of-dimac-mcv1-at-the-wire-fair-in-dusseldorf\\\/\"},\"author\":{\"name\":\"foehn_dimac\",\"@id\":\"https:\\\/\\\/www.dimacsrl.com\\\/#\\\/schema\\\/person\\\/95427a8e3f1a264e1ca9d4f22b371fc7\"},\"headline\":\"20 years of Dimac mcv1 at the WIRE fair in D\u00fcsseldorf\",\"datePublished\":\"2022-06-21T12:35:57+00:00\",\"dateModified\":\"2024-05-15T15:34:28+00:00\",\"mainEntityOfPage\":{\"@id\":\"https:\\\/\\\/www.dimacsrl.com\\\/archives\\\/20-years-of-dimac-mcv1-at-the-wire-fair-in-dusseldorf\\\/\"},\"wordCount\":625,\"publisher\":{\"@id\":\"https:\\\/\\\/www.dimacsrl.com\\\/#organization\"},\"image\":{\"@id\":\"https:\\\/\\\/www.dimacsrl.com\\\/archives\\\/20-years-of-dimac-mcv1-at-the-wire-fair-in-dusseldorf\\\/#primaryimage\"},\"thumbnailUrl\":\"https:\\\/\\\/www.dimacsrl.com\\\/wp-content\\\/uploads\\\/2024\\\/04\\\/20years-mcv1.jpg\",\"keywords\":[\"corporate\",\"fairs\"],\"articleSection\":[\"News\"],\"inLanguage\":\"pt-BR\"},{\"@type\":\"WebPage\",\"@id\":\"https:\\\/\\\/www.dimacsrl.com\\\/archives\\\/20-years-of-dimac-mcv1-at-the-wire-fair-in-dusseldorf\\\/\",\"url\":\"https:\\\/\\\/www.dimacsrl.com\\\/archives\\\/20-years-of-dimac-mcv1-at-the-wire-fair-in-dusseldorf\\\/\",\"name\":\"20 years of Dimac mcv1 at the WIRE fair in D\u00fcsseldorf - Dimac - Automatic Quality Control Systems\",\"isPartOf\":{\"@id\":\"https:\\\/\\\/www.dimacsrl.com\\\/#website\"},\"primaryImageOfPage\":{\"@id\":\"https:\\\/\\\/www.dimacsrl.com\\\/archives\\\/20-years-of-dimac-mcv1-at-the-wire-fair-in-dusseldorf\\\/#primaryimage\"},\"image\":{\"@id\":\"https:\\\/\\\/www.dimacsrl.com\\\/archives\\\/20-years-of-dimac-mcv1-at-the-wire-fair-in-dusseldorf\\\/#primaryimage\"},\"thumbnailUrl\":\"https:\\\/\\\/www.dimacsrl.com\\\/wp-content\\\/uploads\\\/2024\\\/04\\\/20years-mcv1.jpg\",\"datePublished\":\"2022-06-21T12:35:57+00:00\",\"dateModified\":\"2024-05-15T15:34:28+00:00\",\"breadcrumb\":{\"@id\":\"https:\\\/\\\/www.dimacsrl.com\\\/archives\\\/20-years-of-dimac-mcv1-at-the-wire-fair-in-dusseldorf\\\/#breadcrumb\"},\"inLanguage\":\"pt-BR\",\"potentialAction\":[{\"@type\":\"ReadAction\",\"target\":[\"https:\\\/\\\/www.dimacsrl.com\\\/archives\\\/20-years-of-dimac-mcv1-at-the-wire-fair-in-dusseldorf\\\/\"]}]},{\"@type\":\"ImageObject\",\"inLanguage\":\"pt-BR\",\"@id\":\"https:\\\/\\\/www.dimacsrl.com\\\/archives\\\/20-years-of-dimac-mcv1-at-the-wire-fair-in-dusseldorf\\\/#primaryimage\",\"url\":\"https:\\\/\\\/www.dimacsrl.com\\\/wp-content\\\/uploads\\\/2024\\\/04\\\/20years-mcv1.jpg\",\"contentUrl\":\"https:\\\/\\\/www.dimacsrl.com\\\/wp-content\\\/uploads\\\/2024\\\/04\\\/20years-mcv1.jpg\",\"width\":800,\"height\":520},{\"@type\":\"BreadcrumbList\",\"@id\":\"https:\\\/\\\/www.dimacsrl.com\\\/archives\\\/20-years-of-dimac-mcv1-at-the-wire-fair-in-dusseldorf\\\/#breadcrumb\",\"itemListElement\":[{\"@type\":\"ListItem\",\"position\":1,\"name\":\"Home\",\"item\":\"https:\\\/\\\/www.dimacsrl.com\\\/\"},{\"@type\":\"ListItem\",\"position\":2,\"name\":\"20 years of Dimac mcv1 at the WIRE fair in D\u00fcsseldorf\"}]},{\"@type\":\"WebSite\",\"@id\":\"https:\\\/\\\/www.dimacsrl.com\\\/#website\",\"url\":\"https:\\\/\\\/www.dimacsrl.com\\\/\",\"name\":\"Dimac - Automatic Quality Control Systems\",\"description\":\"Automatic quality control systems - 100% sorting &amp; spc of metal parts\",\"publisher\":{\"@id\":\"https:\\\/\\\/www.dimacsrl.com\\\/#organization\"},\"potentialAction\":[{\"@type\":\"SearchAction\",\"target\":{\"@type\":\"EntryPoint\",\"urlTemplate\":\"https:\\\/\\\/www.dimacsrl.com\\\/?s={search_term_string}\"},\"query-input\":{\"@type\":\"PropertyValueSpecification\",\"valueRequired\":true,\"valueName\":\"search_term_string\"}}],\"inLanguage\":\"pt-BR\"},{\"@type\":\"Organization\",\"@id\":\"https:\\\/\\\/www.dimacsrl.com\\\/#organization\",\"name\":\"Dimac - Automatic Quality Control Systems\",\"url\":\"https:\\\/\\\/www.dimacsrl.com\\\/\",\"logo\":{\"@type\":\"ImageObject\",\"inLanguage\":\"pt-BR\",\"@id\":\"https:\\\/\\\/www.dimacsrl.com\\\/#\\\/schema\\\/logo\\\/image\\\/\",\"url\":\"https:\\\/\\\/www.dimacsrl.com\\\/wp-content\\\/uploads\\\/2024\\\/04\\\/logo-Dimac-100-small.png\",\"contentUrl\":\"https:\\\/\\\/www.dimacsrl.com\\\/wp-content\\\/uploads\\\/2024\\\/04\\\/logo-Dimac-100-small.png\",\"width\":166,\"height\":67,\"caption\":\"Dimac - Automatic Quality Control Systems\"},\"image\":{\"@id\":\"https:\\\/\\\/www.dimacsrl.com\\\/#\\\/schema\\\/logo\\\/image\\\/\"}},{\"@type\":\"Person\",\"@id\":\"https:\\\/\\\/www.dimacsrl.com\\\/#\\\/schema\\\/person\\\/95427a8e3f1a264e1ca9d4f22b371fc7\",\"name\":\"foehn_dimac\",\"image\":{\"@type\":\"ImageObject\",\"inLanguage\":\"pt-BR\",\"@id\":\"https:\\\/\\\/secure.gravatar.com\\\/avatar\\\/baad562c851353bfe103948e55b8167fb7ba4bb3b6a875deeeec0e9776ba075a?s=96&d=mm&r=g\",\"url\":\"https:\\\/\\\/secure.gravatar.com\\\/avatar\\\/baad562c851353bfe103948e55b8167fb7ba4bb3b6a875deeeec0e9776ba075a?s=96&d=mm&r=g\",\"contentUrl\":\"https:\\\/\\\/secure.gravatar.com\\\/avatar\\\/baad562c851353bfe103948e55b8167fb7ba4bb3b6a875deeeec0e9776ba075a?s=96&d=mm&r=g\",\"caption\":\"foehn_dimac\"},\"sameAs\":[\"https:\\\/\\\/www.dimacsrl.com\"],\"url\":\"https:\\\/\\\/www.dimacsrl.com\\\/pt\\\/archives\\\/author\\\/foehn_dimac\\\/\"}]}<\/script>\n<!-- \/ Yoast SEO plugin. -->","yoast_head_json":{"title":"20 anos da Dimac mcv1 na feira WIRE em D\u00fcsseldorf - Dimac - Sistemas autom\u00e1ticos de controle de qualidade","robots":{"index":"index","follow":"follow","max-snippet":"max-snippet:-1","max-image-preview":"max-image-preview:large","max-video-preview":"max-video-preview:-1"},"canonical":"https:\/\/www.dimacsrl.com\/pt\/archives\/20-years-of-dimac-mcv1-at-the-wire-fair-in-dusseldorf\/","og_locale":"pt_BR","og_type":"article","og_title":"20 years of Dimac mcv1 at the WIRE fair in D\u00fcsseldorf - Dimac - Automatic Quality Control Systems","og_description":"Interview with Massimo Agrati &#8211; CEO of Dimac srl\u00a0 Dimac mcv1 turns 20, the company\u2019s flagship model was presented for the first time at the\u00a02002\u00a0D\u00fcsseldorf Wire fair. The mcv1 prototype was characterized by very robust mechanics, and a SONY vision system that today we would define almost \u201cJurassic\u201d with an analog camera and cathode ray [&hellip;]","og_url":"https:\/\/www.dimacsrl.com\/pt\/archives\/20-years-of-dimac-mcv1-at-the-wire-fair-in-dusseldorf\/","og_site_name":"Dimac - Automatic Quality Control Systems","article_published_time":"2022-06-21T12:35:57+00:00","article_modified_time":"2024-05-15T15:34:28+00:00","og_image":[{"width":800,"height":520,"url":"https:\/\/www.dimacsrl.com\/wp-content\/uploads\/2024\/04\/20years-mcv1.jpg","type":"image\/jpeg"}],"author":"foehn_dimac","twitter_card":"summary_large_image","twitter_misc":{"Escrito por":"foehn_dimac","Est. tempo de leitura":"3 minutos"},"schema":{"@context":"https:\/\/schema.org","@graph":[{"@type":"Article","@id":"https:\/\/www.dimacsrl.com\/archives\/20-years-of-dimac-mcv1-at-the-wire-fair-in-dusseldorf\/#article","isPartOf":{"@id":"https:\/\/www.dimacsrl.com\/archives\/20-years-of-dimac-mcv1-at-the-wire-fair-in-dusseldorf\/"},"author":{"name":"foehn_dimac","@id":"https:\/\/www.dimacsrl.com\/#\/schema\/person\/95427a8e3f1a264e1ca9d4f22b371fc7"},"headline":"20 years of Dimac mcv1 at the WIRE fair in D\u00fcsseldorf","datePublished":"2022-06-21T12:35:57+00:00","dateModified":"2024-05-15T15:34:28+00:00","mainEntityOfPage":{"@id":"https:\/\/www.dimacsrl.com\/archives\/20-years-of-dimac-mcv1-at-the-wire-fair-in-dusseldorf\/"},"wordCount":625,"publisher":{"@id":"https:\/\/www.dimacsrl.com\/#organization"},"image":{"@id":"https:\/\/www.dimacsrl.com\/archives\/20-years-of-dimac-mcv1-at-the-wire-fair-in-dusseldorf\/#primaryimage"},"thumbnailUrl":"https:\/\/www.dimacsrl.com\/wp-content\/uploads\/2024\/04\/20years-mcv1.jpg","keywords":["corporate","fairs"],"articleSection":["News"],"inLanguage":"pt-BR"},{"@type":"WebPage","@id":"https:\/\/www.dimacsrl.com\/archives\/20-years-of-dimac-mcv1-at-the-wire-fair-in-dusseldorf\/","url":"https:\/\/www.dimacsrl.com\/archives\/20-years-of-dimac-mcv1-at-the-wire-fair-in-dusseldorf\/","name":"20 anos da Dimac mcv1 na feira WIRE em D\u00fcsseldorf - Dimac - Sistemas autom\u00e1ticos de controle de qualidade","isPartOf":{"@id":"https:\/\/www.dimacsrl.com\/#website"},"primaryImageOfPage":{"@id":"https:\/\/www.dimacsrl.com\/archives\/20-years-of-dimac-mcv1-at-the-wire-fair-in-dusseldorf\/#primaryimage"},"image":{"@id":"https:\/\/www.dimacsrl.com\/archives\/20-years-of-dimac-mcv1-at-the-wire-fair-in-dusseldorf\/#primaryimage"},"thumbnailUrl":"https:\/\/www.dimacsrl.com\/wp-content\/uploads\/2024\/04\/20years-mcv1.jpg","datePublished":"2022-06-21T12:35:57+00:00","dateModified":"2024-05-15T15:34:28+00:00","breadcrumb":{"@id":"https:\/\/www.dimacsrl.com\/archives\/20-years-of-dimac-mcv1-at-the-wire-fair-in-dusseldorf\/#breadcrumb"},"inLanguage":"pt-BR","potentialAction":[{"@type":"ReadAction","target":["https:\/\/www.dimacsrl.com\/archives\/20-years-of-dimac-mcv1-at-the-wire-fair-in-dusseldorf\/"]}]},{"@type":"ImageObject","inLanguage":"pt-BR","@id":"https:\/\/www.dimacsrl.com\/archives\/20-years-of-dimac-mcv1-at-the-wire-fair-in-dusseldorf\/#primaryimage","url":"https:\/\/www.dimacsrl.com\/wp-content\/uploads\/2024\/04\/20years-mcv1.jpg","contentUrl":"https:\/\/www.dimacsrl.com\/wp-content\/uploads\/2024\/04\/20years-mcv1.jpg","width":800,"height":520},{"@type":"BreadcrumbList","@id":"https:\/\/www.dimacsrl.com\/archives\/20-years-of-dimac-mcv1-at-the-wire-fair-in-dusseldorf\/#breadcrumb","itemListElement":[{"@type":"ListItem","position":1,"name":"Home","item":"https:\/\/www.dimacsrl.com\/"},{"@type":"ListItem","position":2,"name":"20 years of Dimac mcv1 at the WIRE fair in D\u00fcsseldorf"}]},{"@type":"WebSite","@id":"https:\/\/www.dimacsrl.com\/#website","url":"https:\/\/www.dimacsrl.com\/","name":"Dimac - Sistemas autom\u00e1ticos de controle de qualidade","description":"Sistemas autom\u00e1ticos de controle de qualidade - 100% classifica\u00e7\u00e3o e spc de pe\u00e7as met\u00e1licas","publisher":{"@id":"https:\/\/www.dimacsrl.com\/#organization"},"potentialAction":[{"@type":"SearchAction","target":{"@type":"EntryPoint","urlTemplate":"https:\/\/www.dimacsrl.com\/?s={search_term_string}"},"query-input":{"@type":"PropertyValueSpecification","valueRequired":true,"valueName":"search_term_string"}}],"inLanguage":"pt-BR"},{"@type":"Organization","@id":"https:\/\/www.dimacsrl.com\/#organization","name":"Dimac - Sistemas autom\u00e1ticos de controle de qualidade","url":"https:\/\/www.dimacsrl.com\/","logo":{"@type":"ImageObject","inLanguage":"pt-BR","@id":"https:\/\/www.dimacsrl.com\/#\/schema\/logo\/image\/","url":"https:\/\/www.dimacsrl.com\/wp-content\/uploads\/2024\/04\/logo-Dimac-100-small.png","contentUrl":"https:\/\/www.dimacsrl.com\/wp-content\/uploads\/2024\/04\/logo-Dimac-100-small.png","width":166,"height":67,"caption":"Dimac - Automatic Quality Control Systems"},"image":{"@id":"https:\/\/www.dimacsrl.com\/#\/schema\/logo\/image\/"}},{"@type":"Person","@id":"https:\/\/www.dimacsrl.com\/#\/schema\/person\/95427a8e3f1a264e1ca9d4f22b371fc7","name":"foehn_dimac","image":{"@type":"ImageObject","inLanguage":"pt-BR","@id":"https:\/\/secure.gravatar.com\/avatar\/baad562c851353bfe103948e55b8167fb7ba4bb3b6a875deeeec0e9776ba075a?s=96&d=mm&r=g","url":"https:\/\/secure.gravatar.com\/avatar\/baad562c851353bfe103948e55b8167fb7ba4bb3b6a875deeeec0e9776ba075a?s=96&d=mm&r=g","contentUrl":"https:\/\/secure.gravatar.com\/avatar\/baad562c851353bfe103948e55b8167fb7ba4bb3b6a875deeeec0e9776ba075a?s=96&d=mm&r=g","caption":"foehn_dimac"},"sameAs":["https:\/\/www.dimacsrl.com"],"url":"https:\/\/www.dimacsrl.com\/pt\/archives\/author\/foehn_dimac\/"}]}},"_links":{"self":[{"href":"https:\/\/www.dimacsrl.com\/pt\/wp-json\/wp\/v2\/posts\/10469","targetHints":{"allow":["GET"]}}],"collection":[{"href":"https:\/\/www.dimacsrl.com\/pt\/wp-json\/wp\/v2\/posts"}],"about":[{"href":"https:\/\/www.dimacsrl.com\/pt\/wp-json\/wp\/v2\/types\/post"}],"author":[{"embeddable":true,"href":"https:\/\/www.dimacsrl.com\/pt\/wp-json\/wp\/v2\/users\/1"}],"replies":[{"embeddable":true,"href":"https:\/\/www.dimacsrl.com\/pt\/wp-json\/wp\/v2\/comments?post=10469"}],"version-history":[{"count":1,"href":"https:\/\/www.dimacsrl.com\/pt\/wp-json\/wp\/v2\/posts\/10469\/revisions"}],"predecessor-version":[{"id":13402,"href":"https:\/\/www.dimacsrl.com\/pt\/wp-json\/wp\/v2\/posts\/10469\/revisions\/13402"}],"wp:featuredmedia":[{"embeddable":true,"href":"https:\/\/www.dimacsrl.com\/pt\/wp-json\/wp\/v2\/media\/13451"}],"wp:attachment":[{"href":"https:\/\/www.dimacsrl.com\/pt\/wp-json\/wp\/v2\/media?parent=10469"}],"wp:term":[{"taxonomy":"category","embeddable":true,"href":"https:\/\/www.dimacsrl.com\/pt\/wp-json\/wp\/v2\/categories?post=10469"},{"taxonomy":"post_tag","embeddable":true,"href":"https:\/\/www.dimacsrl.com\/pt\/wp-json\/wp\/v2\/tags?post=10469"}],"curies":[{"name":"wp","href":"https:\/\/api.w.org\/{rel}","templated":true}]}}